{"id":2305,"date":"2019-01-15T12:35:07","date_gmt":"2019-01-15T14:35:07","guid":{"rendered":"http:\/\/dgospel.com.br\/portal\/?p=2305"},"modified":"2019-01-15T12:35:07","modified_gmt":"2019-01-15T14:35:07","slug":"defesa-civil-atenta-sobre-os-cuidados-em-dias-de-chuva","status":"publish","type":"post","link":"https:\/\/dgospel.com.br\/portal\/index.php\/2019\/01\/15\/defesa-civil-atenta-sobre-os-cuidados-em-dias-de-chuva\/","title":{"rendered":"Defesa Civil atenta sobre os cuidados em dias de chuva"},"content":{"rendered":"<p class=\"yiv4492309905MsoNormal\">A Defesa Civil de Palmas informa sobre poss\u00edveis pancadas de chuvas durante esta semana, e atenta sobre os cuidados e prote\u00e7\u00e3o neste per\u00edodo. O volume previsto de chuvas durante esta semana em Palmas \u00e9 de cerca de 95 mm, com a temperatura acima dos 20\u00b0C.<\/p>\n<p class=\"yiv4492309905MsoNormal\">\n<p class=\"yiv4492309905MsoNormal\">Nesta ter\u00e7a-feira, 15, a previs\u00e3o m\u00e1xima \u00e9 de 32\u00b0C, com probabilidade de 75% de chuva, enquanto na quarta-feira, 16, a m\u00e1xima pode chegar a 33\u00b0C, e com 80% de probabilidade de chuvas durante o dia. Para quinta-feira, 17, a previs\u00e3o m\u00e1xima \u00e9 de 34\u00b0C, com 80% de probabilidade de chuva, na sexta, 18, a temperatura continua com 34\u00b0C, e com 80% de probabilidade de chuva. E a incid\u00eancia de raios solares manter\u00e1 alta durante estes dias.<\/p>\n<p class=\"yiv4492309905MsoNormal\">O agente de Defesa Bruno Maciel, alerta que \u201ctodos precisam estarem atentos caso ocorrer chuva, seja quem estiver na sua resid\u00eancia, no tr\u00e2nsito, ou em lugares que possam sofrer degrada\u00e7\u00e3o com a chuva. Fiquem atentos com os alertas e as informa\u00e7\u00f5es de chuvas da Defesa Civil. Neste per\u00edodo, recomendamos aos habitantes que moram em lugares que possa sofrer alaga\u00e7\u00e3o, que busque abrigo em lugares seguros de familiares, vizinhos, e com a ajuda se poss\u00edvel, levem os objetos, m\u00f3veis, para que n\u00e3o o prejudique\u201d, informa.<\/p>\n<p class=\"yiv4492309905MsoNormal\">Maciel complementa ainda que \u00e9 preciso evitar a exposi\u00e7\u00e3o durante a chuva, como a pr\u00e1tica de esporte ou at\u00e9 mesmo transitar a p\u00e9, pois existe chance de descargas atmosf\u00e9ricas. \u201cSe os motoristas estiverem no tr\u00e2nsito e encontrar em \u00e1reas alagadas, que evitem transitar nesses locais e se poss\u00edvel esperar o volume de \u00e1gua reduzir ou alterar a rota para uma via segura\u201d, complementou ele.<\/p>\n<p class=\"yiv4492309905MsoNormal\">A Defesa Civil ainda recomendou para a popula\u00e7\u00e3o n\u00e3o enfrentar a chuva, j\u00e1 que a maioria dos resgates nos casos de alagamentos s\u00e3o de pessoas que arriscaram a enfrent\u00e1-la. A orienta\u00e7\u00e3o \u00e9 que a pessoa v\u00e1 para um local protegido.<\/p>\n<p class=\"yiv4492309905MsoNormal\">O boletim divulgado pela Defesa Civil tem como base dados do Centro de Previs\u00e3o de Tempo e Estudos Clim\u00e1ticos (Cptec), do Instituto Nacional de Pesquisas Espaciais (Inpe), do Instituto Nacional de Meteorologia (Inmet), da empresa Climatempo e do N\u00facleo Estadual de Meteorologia e Recursos H\u00eddricos do Tocantins.<\/p>\n","protected":false},"excerpt":{"rendered":"<p>A Defesa Civil de Palmas informa sobre poss\u00edveis pancadas de chuvas durante esta semana, e atenta sobre os cuidados e prote\u00e7\u00e3o neste per\u00edodo. O volume previsto de chuvas durante esta semana em Palmas \u00e9 de cerca de 95 mm, com a temperatura acima dos 20\u00b0C. Nesta ter\u00e7a-feira, 15, a previs\u00e3o m\u00e1xima \u00e9 de 32\u00b0C, com [&hellip;]<\/p>\n","protected":false},"author":2,"featured_media":2306,"comment_status":"open","ping_status":"open","sticky":false,"template":"","format":"standard","meta":[],"categories":[2,3],"tags":[],"_links":{"self":[{"href":"https:\/\/dgospel.com.br\/portal\/index.php\/wp-json\/wp\/v2\/posts\/2305"}],"collection":[{"href":"https:\/\/dgospel.com.br\/portal\/index.php\/wp-json\/wp\/v2\/posts"}],"about":[{"href":"https:\/\/dgospel.com.br\/portal\/index.php\/wp-json\/wp\/v2\/types\/post"}],"author":[{"embeddable":true,"href":"https:\/\/dgospel.com.br\/portal\/index.php\/wp-json\/wp\/v2\/users\/2"}],"replies":[{"embeddable":true,"href":"https:\/\/dgospel.com.br\/portal\/index.php\/wp-json\/wp\/v2\/comments?post=2305"}],"version-history":[{"count":1,"href":"https:\/\/dgospel.com.br\/portal\/index.php\/wp-json\/wp\/v2\/posts\/2305\/revisions"}],"predecessor-version":[{"id":2307,"href":"https:\/\/dgospel.com.br\/portal\/index.php\/wp-json\/wp\/v2\/posts\/2305\/revisions\/2307"}],"wp:featuredmedia":[{"embeddable":true,"href":"https:\/\/dgospel.com.br\/portal\/index.php\/wp-json\/wp\/v2\/media\/2306"}],"wp:attachment":[{"href":"https:\/\/dgospel.com.br\/portal\/index.php\/wp-json\/wp\/v2\/media?parent=2305"}],"wp:term":[{"taxonomy":"category","embeddable":true,"href":"https:\/\/dgospel.com.br\/portal\/index.php\/wp-json\/wp\/v2\/categories?post=2305"},{"taxonomy":"post_tag","embeddable":true,"href":"https:\/\/dgospel.com.br\/portal\/index.php\/wp-json\/wp\/v2\/tags?post=2305"}],"curies":[{"name":"wp","href":"https:\/\/api.w.org\/{rel}","templated":true}]}}