{"id":23052,"date":"2026-04-02T15:23:17","date_gmt":"2026-04-02T18:23:17","guid":{"rendered":"https:\/\/dgospel.com.br\/portal\/?p=23052"},"modified":"2026-04-02T15:23:18","modified_gmt":"2026-04-02T18:23:18","slug":"policiais-penais-do-to-agradecem-ao-deputado-leo-barbosa-pelo-trabalho-em-prol-da-categoria","status":"publish","type":"post","link":"https:\/\/dgospel.com.br\/portal\/index.php\/2026\/04\/02\/policiais-penais-do-to-agradecem-ao-deputado-leo-barbosa-pelo-trabalho-em-prol-da-categoria\/","title":{"rendered":"<strong>Policiais Penais do TO agradecem ao deputado L\u00e9o Barbosa pelo trabalho em prol da categoria<\/strong>"},"content":{"rendered":"\n<p>Ap\u00f3s as vota\u00e7\u00f5es de mat\u00e9rias voltadas aos servidores p\u00fablicos, realizada na \u00faltima ter\u00e7a-feira, 31, na Assembleia Legislativa do Tocantins, policiais penais do Estado manifestaram reconhecimento ao trabalho do deputado estadual L\u00e9o Barbosa (Republicanos) pelo apoio \u00e0s demandas da categoria e pela atua\u00e7\u00e3o junto ao Governo em pautas consideradas hist\u00f3ricas para o fortalecimento da Pol\u00edcia Penal.<\/p>\n\n\n\n<p>Na ocasi\u00e3o, o vice-presidente do sindicato da categoria, Arlisson Ribeiro, representou os presentes e agradeceu ao parlamentar pelo empenho em prol dos policiais. \u201cAgrade\u00e7o ao nosso deputado L\u00e9o Barbosa, que sempre esteve ao nosso lado quando mais precisamos. Ele acreditou na nossa causa quando ainda \u00e9ramos desvalorizados.\u201d, disse.<\/p>\n\n\n\n<p>Arlisson tamb\u00e9m agradeceu ao governador Wanderlei&nbsp;Babrosa&nbsp;e classificou o momento como um marco hist\u00f3rico para os policiais penais. \u201cHoje \u00e9 um grande dia, uma vit\u00f3ria extraordin\u00e1ria para a Pol\u00edcia Penal. \u00c9 mais um marco de crescimento e evolu\u00e7\u00e3o no Tocantins. Quero agradecer ao governador Wanderlei Barbosa, que considero o patrono da Pol\u00edcia Penal, por abra\u00e7ar a causa e dar dignidade \u00e0 categoria\u201d, afirmou.<\/p>\n\n\n\n<p>De acordo com L\u00e9o, o compromisso com a categoria vem desde a sua cria\u00e7\u00e3o. \u201cTenho orgulho de participar desde a cria\u00e7\u00e3o da Pol\u00edcia Penal. A gente tem avan\u00e7ado nas pautas da categoria, ajudando tanto na Assembleia quanto atuando junto ao governo para que a categoria fosse reconhecida e tivesse seus direitos garantidos. Todas as mat\u00e9rias de interesse da Pol\u00edcia Penal passaram por n\u00f3s e as levei para o governo. Tenho muito orgulho de ser um dos que mais t\u00eam ajudado\u201d, destacou o deputado.<\/p>\n\n\n\n<p>Durante as discuss\u00f5es das mat\u00e9rias, tamb\u00e9m foi ressaltado o esfor\u00e7o do Governo do Estado na valoriza\u00e7\u00e3o dos servidores p\u00fablicos, com a aprova\u00e7\u00e3o de planos de carreira, aux\u00edlios e outros benef\u00edcios para diversas categorias. Segundo L\u00e9o Barbosa, o equil\u00edbrio fiscal tem permitido avan\u00e7os importantes. \u201cO governador Wanderlei tem tido esse cuidado de manter as contas em ordem, sem deixar de valorizar quem est\u00e1 na ponta, prestando um servi\u00e7o de qualidade \u00e0 popula\u00e7\u00e3o\u201d, pontuou.<\/p>\n","protected":false},"excerpt":{"rendered":"<p>Ap\u00f3s as vota\u00e7\u00f5es de mat\u00e9rias voltadas aos servidores p\u00fablicos, realizada na \u00faltima ter\u00e7a-feira, 31, na Assembleia Legislativa do Tocantins, policiais penais do Estado manifestaram reconhecimento ao trabalho do deputado estadual L\u00e9o Barbosa (Republicanos) pelo apoio \u00e0s demandas da categoria e pela atua\u00e7\u00e3o junto ao Governo em pautas consideradas hist\u00f3ricas para o fortalecimento da Pol\u00edcia Penal. [&hellip;]<\/p>\n","protected":false},"author":2,"featured_media":23053,"comment_status":"open","ping_status":"open","sticky":false,"template":"","format":"standard","meta":[],"categories":[8],"tags":[],"_links":{"self":[{"href":"https:\/\/dgospel.com.br\/portal\/index.php\/wp-json\/wp\/v2\/posts\/23052"}],"collection":[{"href":"https:\/\/dgospel.com.br\/portal\/index.php\/wp-json\/wp\/v2\/posts"}],"about":[{"href":"https:\/\/dgospel.com.br\/portal\/index.php\/wp-json\/wp\/v2\/types\/post"}],"author":[{"embeddable":true,"href":"https:\/\/dgospel.com.br\/portal\/index.php\/wp-json\/wp\/v2\/users\/2"}],"replies":[{"embeddable":true,"href":"https:\/\/dgospel.com.br\/portal\/index.php\/wp-json\/wp\/v2\/comments?post=23052"}],"version-history":[{"count":1,"href":"https:\/\/dgospel.com.br\/portal\/index.php\/wp-json\/wp\/v2\/posts\/23052\/revisions"}],"predecessor-version":[{"id":23054,"href":"https:\/\/dgospel.com.br\/portal\/index.php\/wp-json\/wp\/v2\/posts\/23052\/revisions\/23054"}],"wp:featuredmedia":[{"embeddable":true,"href":"https:\/\/dgospel.com.br\/portal\/index.php\/wp-json\/wp\/v2\/media\/23053"}],"wp:attachment":[{"href":"https:\/\/dgospel.com.br\/portal\/index.php\/wp-json\/wp\/v2\/media?parent=23052"}],"wp:term":[{"taxonomy":"category","embeddable":true,"href":"https:\/\/dgospel.com.br\/portal\/index.php\/wp-json\/wp\/v2\/categories?post=23052"},{"taxonomy":"post_tag","embeddable":true,"href":"https:\/\/dgospel.com.br\/portal\/index.php\/wp-json\/wp\/v2\/tags?post=23052"}],"curies":[{"name":"wp","href":"https:\/\/api.w.org\/{rel}","templated":true}]}}