{"id":2308,"date":"2019-01-15T12:49:14","date_gmt":"2019-01-15T14:49:14","guid":{"rendered":"http:\/\/dgospel.com.br\/portal\/?p=2308"},"modified":"2019-01-15T12:55:01","modified_gmt":"2019-01-15T14:55:01","slug":"bolsonaro-assina-decreto-que-facilita-posse-de-armas","status":"publish","type":"post","link":"https:\/\/dgospel.com.br\/portal\/index.php\/2019\/01\/15\/bolsonaro-assina-decreto-que-facilita-posse-de-armas\/","title":{"rendered":"Bolsonaro assina decreto que facilita posse de armas"},"content":{"rendered":"<div class=\"mc-column content-text active-extra-styles active-capital-letter\" data-block-type=\"unstyled\" data-block-weight=\"22\" data-block-id=\"2\">\n<p class=\"content-text__container theme-color-primary-first-letter\" data-track-category=\"Link no Texto\" data-track-links=\"\">O presidente Jair Bolsonaro assinou nesta ter\u00e7a-feira (15), em cerim\u00f4nia no Pal\u00e1cio do Planalto, o decreto que facilita a posse de armas.<\/p>\n<\/div>\n<div class=\"wall protected-content\">\n<div class=\"mc-column content-text active-extra-styles \" data-block-type=\"unstyled\" data-block-weight=\"24\" data-block-id=\"3\">\n<p class=\"content-text__container \" data-track-category=\"Link no Texto\" data-track-links=\"\">O texto permite que o cidad\u00e3o compre at\u00e9 quatro armas de fogo. A validade do registro passa dos atuais 5 anos para 10 anos.<\/p>\n<\/div>\n<div class=\"mc-column content-text active-extra-styles \" data-block-type=\"unstyled\" data-block-weight=\"56\" data-block-id=\"4\">\n<p class=\"content-text__container \" data-track-category=\"Link no Texto\" data-track-links=\"\">O direito \u00e0 posse \u00e9 a autoriza\u00e7\u00e3o para manter uma arma de fogo em casa ou no local de trabalho, desde que o dono da arma seja o respons\u00e1vel legal pelo estabelecimento. Para andar com a arma na rua, \u00e9 preciso ter direito ao porte, que exige regras mais rigorosas e n\u00e3o foi tratado no decreto.<\/p>\n<\/div>\n<div class=\"mc-column content-text active-extra-styles \" data-block-type=\"unstyled\" data-block-weight=\"36\" data-block-id=\"5\">\n<p class=\"content-text__container \" data-track-category=\"Link no Texto\" data-track-links=\"\">&#8220;Como o povo soberanamente decidiu por ocasi\u00e3o do referendo de 2005, para lhes garantir esse leg\u00edtimo direito \u00e0 defesa, eu como presidente vou usar essa arma&#8221;, disse Bolsonaro, ao mostrar uma caneta e assinar o decreto.<\/p>\n<\/div>\n<div class=\"mc-column content-text active-extra-styles \" data-block-type=\"unstyled\" data-block-weight=\"34\" data-block-id=\"6\">\n<p class=\"content-text__container \" data-track-category=\"Link no Texto\" data-track-links=\"\">No discurso, o presidente disse que o decreto restabelece um direito definido no referendo. Na \u00e9poca, a maioria da popula\u00e7\u00e3o rejeitou trecho do Estatuto do Desarmamento que tornava mais restrita a posse de armas.<\/p>\n<\/div>\n<div class=\"mc-column content-text active-extra-styles \" data-block-type=\"unstyled\" data-block-weight=\"17\" data-block-id=\"7\">\n<p class=\"content-text__container \" data-track-category=\"Link no Texto\" data-track-links=\"\">&#8220;Infelizmente o governo, \u00e0 \u00e9poca, buscou maneiras em decretos e portarias para negar esse direito&#8221;, disse Bolsonaro.<\/p>\n<\/div>\n<div class=\"mc-column content-text active-extra-styles \" data-block-type=\"unstyled\" data-block-weight=\"22\" data-block-id=\"8\">\n<p class=\"content-text__container \" data-track-category=\"Link no Texto\" data-track-links=\"\">&#8220;O povo decidiu por comprar armas e muni\u00e7\u00f5es e n\u00f3s n\u00e3o podemos negar o que o povo quis nesse momento&#8221;, afirmou Bolsonaro.<\/p>\n<\/div>\n<div class=\"mc-column content-text active-extra-styles \" data-block-type=\"unstyled\" data-block-weight=\"25\" data-block-id=\"9\">\n<p class=\"content-text__container \" data-track-category=\"Link no Texto\" data-track-links=\"\">Bolsonaro criticou trecho da antiga legisla\u00e7\u00e3o que exigia comprova\u00e7\u00e3o &#8220;da efetiva necessidade&#8221; de ter uma arma em casa. Segundo ele, essa regra &#8220;beirava a subjetividade&#8221;.<\/p>\n<\/div>\n<div class=\"mc-column content-text active-extra-styles \" data-block-type=\"unstyled\" data-block-weight=\"43\" data-block-id=\"10\">\n<p class=\"content-text__container \" data-track-category=\"Link no Texto\" data-track-links=\"\">O decreto assinado nesta ter\u00e7a-feira prev\u00ea que o Estado vai presumir &#8220;a veracidade dos fatos e das circunst\u00e2ncias afirmadas na declara\u00e7\u00e3o de efetiva necessidade&#8221; de posse de arma de fogo (veja abaixo mais regras do decreto). Caber\u00e1 \u00e0 Pol\u00edcia Federal examinar a declara\u00e7\u00e3o.<\/p>\n<\/div>\n<div class=\"mc-column content-text active-extra-styles\" data-block-type=\"raw\" data-block-weight=\"6\" data-block-id=\"11\">\n<div class=\"content-intertitle\">\n<h2>O que o diz o decreto<\/h2>\n<\/div>\n<\/div>\n<div class=\"mc-column content-text active-extra-styles \" data-block-type=\"unstyled\" data-block-weight=\"16\" data-block-id=\"12\">\n<p class=\"content-text__container \" data-track-category=\"Link no Texto\" data-track-links=\"\">Entre as regras para possuir arma em casa, de acordo com o decreto, est\u00e3o as seguintes:<\/p>\n<\/div>\n<div class=\"content-ads content-ads--reveal\" data-block-type=\"ads\" data-block-id=\"13\"><\/div>\n<div class=\"mc-column content-text active-extra-styles\" data-block-type=\"raw\" data-block-weight=\"124\" data-block-id=\"14\">\n<ul class=\"content-unordered-list\">\n<li>Caso crian\u00e7as, adolescentes ou pessoa com defici\u00eancia mental morem na resid\u00eancia em que ficar\u00e1 a arma, o propriet\u00e1rio dever\u00e1 apresentar uma declara\u00e7\u00e3o comprovando a exist\u00eancia de um cofre ou local seguro para armazenamento.<\/li>\n<li>O poder p\u00fablico vai presumir veracidade dos fatos e das circunst\u00e2ncias na declara\u00e7\u00e3o que o cidad\u00e3o fizer para atestar a necessidade de ter uma arma em casa;<\/li>\n<li>Poder\u00e3o ter arma agentes p\u00fablicos e militares, inclusive os inativos, al\u00e9m de moradores de \u00e1reas rurais e aqueles de zona urbana que residam em estados com mais de dez homic\u00eddios por cem mil habitantes (de acordo com dados de 2016).<\/li>\n<li>Atiradores, colecionadores, ca\u00e7adores e respons\u00e1veis legais por estabelecimentos comerciais ou industriais tamb\u00e9m ter\u00e3o a efetiva necessidade da posse de arma comprovada, segundo o decreto.<\/li>\n<\/ul>\n<\/div>\n<div class=\"mc-column content-text active-extra-styles\" data-block-type=\"raw\" data-block-weight=\"1\" data-block-id=\"15\">\n<div class=\"content-intertitle\">\n<h2>Hist\u00f3rico<\/h2>\n<\/div>\n<\/div>\n<div class=\"mc-column content-text active-extra-styles \" data-block-type=\"unstyled\" data-block-weight=\"34\" data-block-id=\"16\">\n<p class=\"content-text__container \" data-track-category=\"Link no Texto\" data-track-links=\"\">O decreto foi a principal medida adotada por Bolsonaro desde a posse como presidente da Rep\u00fablica. At\u00e9 ent\u00e3o, o governo havia anunciado revis\u00f5es em contratos, libera\u00e7\u00f5es de recursos e exonera\u00e7\u00f5es e nomea\u00e7\u00f5es de funcion\u00e1rios.<\/p>\n<\/div>\n<div class=\"mc-column content-text active-extra-styles \" data-block-type=\"unstyled\" data-block-weight=\"29\" data-block-id=\"17\">\n<p class=\"content-text__container \" data-track-category=\"Link no Texto\" data-track-links=\"\">Considerado uma promessa de campanha do presidente, o decreto estava em discuss\u00e3o desde os primeiros dias do governo. O texto passou pelo Minist\u00e9rio da Justi\u00e7a, comandado por S\u00e9rgio Moro.<\/p>\n<\/div>\n<div class=\"mc-column content-text active-extra-styles \" data-block-type=\"unstyled\" data-block-weight=\"31\" data-block-id=\"18\">\n<p class=\"content-text__container \" data-track-category=\"Link no Texto\" data-track-links=\"\">Em dezembro, antes de assumir a Presid\u00eancia, Bolsonaro\u00a0<a href=\"https:\/\/g1.globo.com\/politica\/noticia\/2018\/12\/29\/bolsonaro-diz-que-por-meio-de-decreto-pretende-garantir-posse-de-armas-a-cidadaos-sem-antecedentes-criminais.ghtml\">escreveu em uma rede social que pretendia garantir por meio de decreto<\/a>\u00a0a posse de armas de fogo a cidad\u00e3os sem antecedentes criminais.<\/p>\n<\/div>\n<div class=\"mc-column content-text active-extra-styles \" data-block-type=\"unstyled\" data-block-weight=\"39\" data-block-id=\"19\">\n<p class=\"content-text__container \" data-track-category=\"Link no Texto\" data-track-links=\"\">O presidente \u00e9 cr\u00edtico do Estatuto do Desarmamento, que, segundo ele, imp\u00f5e regras muito r\u00edgidas para a posse de arma. Durante sua carreira pol\u00edtica, Bolsonaro defendeu reformular a legisla\u00e7\u00e3o a fim de facilitar o uso de armas pelos cidad\u00e3os.<\/p>\n<\/div>\n<div data-track-category=\"multicontent\" data-track-action=\"ultimo chunk conteudo\" data-track-noninteraction=\"false\" data-track-scroll=\"view\">\n<div class=\"mc-column content-text active-extra-styles \" data-block-type=\"unstyled\" data-block-weight=\"42\" data-block-id=\"20\">\n<p class=\"content-text__container \" data-track-category=\"Link no Texto\" data-track-links=\"\">A flexibiliza\u00e7\u00e3o, contudo, \u00e9 um tema que divide a popula\u00e7\u00e3o. Segundo pesquisa do Instituto Datafolha divulgada em 31 de dezembro, 61% dos entrevistados consideram que a posse de armas de fogo deve ser proibida por representar amea\u00e7a \u00e0 vida de outras pessoas.<\/p>\n<\/div>\n<p data-track-category=\"Link no Texto\" data-track-links=\"\">Fonte: G1\u00a0\u2014 Bras\u00edlia<\/p>\n<div class=\"content__signature\">\n<div class=\"content-publication-data\">\n<div class=\"content-publication-data__text\">\n<p class=\"content-publication-data__updated\">\n<\/div>\n<\/div>\n<\/div>\n<div class=\"content__share-bar\"><\/div>\n<\/div>\n<\/div>\n","protected":false},"excerpt":{"rendered":"<p>O presidente Jair Bolsonaro assinou nesta ter\u00e7a-feira (15), em cerim\u00f4nia no Pal\u00e1cio do Planalto, o decreto que facilita a posse de armas. O texto permite que o cidad\u00e3o compre at\u00e9 quatro armas de fogo. A validade do registro passa dos atuais 5 anos para 10 anos. O direito \u00e0 posse \u00e9 a autoriza\u00e7\u00e3o para manter [&hellip;]<\/p>\n","protected":false},"author":2,"featured_media":2309,"comment_status":"open","ping_status":"open","sticky":false,"template":"","format":"standard","meta":[],"categories":[2,4],"tags":[],"_links":{"self":[{"href":"https:\/\/dgospel.com.br\/portal\/index.php\/wp-json\/wp\/v2\/posts\/2308"}],"collection":[{"href":"https:\/\/dgospel.com.br\/portal\/index.php\/wp-json\/wp\/v2\/posts"}],"about":[{"href":"https:\/\/dgospel.com.br\/portal\/index.php\/wp-json\/wp\/v2\/types\/post"}],"author":[{"embeddable":true,"href":"https:\/\/dgospel.com.br\/portal\/index.php\/wp-json\/wp\/v2\/users\/2"}],"replies":[{"embeddable":true,"href":"https:\/\/dgospel.com.br\/portal\/index.php\/wp-json\/wp\/v2\/comments?post=2308"}],"version-history":[{"count":1,"href":"https:\/\/dgospel.com.br\/portal\/index.php\/wp-json\/wp\/v2\/posts\/2308\/revisions"}],"predecessor-version":[{"id":2310,"href":"https:\/\/dgospel.com.br\/portal\/index.php\/wp-json\/wp\/v2\/posts\/2308\/revisions\/2310"}],"wp:featuredmedia":[{"embeddable":true,"href":"https:\/\/dgospel.com.br\/portal\/index.php\/wp-json\/wp\/v2\/media\/2309"}],"wp:attachment":[{"href":"https:\/\/dgospel.com.br\/portal\/index.php\/wp-json\/wp\/v2\/media?parent=2308"}],"wp:term":[{"taxonomy":"category","embeddable":true,"href":"https:\/\/dgospel.com.br\/portal\/index.php\/wp-json\/wp\/v2\/categories?post=2308"},{"taxonomy":"post_tag","embeddable":true,"href":"https:\/\/dgospel.com.br\/portal\/index.php\/wp-json\/wp\/v2\/tags?post=2308"}],"curies":[{"name":"wp","href":"https:\/\/api.w.org\/{rel}","templated":true}]}}