{"id":23089,"date":"2026-04-23T12:11:38","date_gmt":"2026-04-23T15:11:38","guid":{"rendered":"https:\/\/dgospel.com.br\/portal\/?p=23089"},"modified":"2026-04-23T12:11:40","modified_gmt":"2026-04-23T15:11:40","slug":"idosa-e-agredida-ao-evangelizar-com-louvores-no-rio-confio-na-justica-de-deus","status":"publish","type":"post","link":"https:\/\/dgospel.com.br\/portal\/index.php\/2026\/04\/23\/idosa-e-agredida-ao-evangelizar-com-louvores-no-rio-confio-na-justica-de-deus\/","title":{"rendered":"Idosa \u00e9 agredida ao evangelizar com louvores no Rio: \u201cConfio na justi\u00e7a de Deus\u201d"},"content":{"rendered":"\n<p>Na \u00faltima semana, uma idosa conhecida por evangelizar cantando louvores no&nbsp;<a href=\"https:\/\/www.guiame.com.br\/busca?termo=Rio+de+Janeiro\"><strong>Rio de Janeiro<\/strong><\/a>&nbsp;foi agredida por um homem que interrompeu a apresenta\u00e7\u00e3o e a atingiu com um soco no rosto.<\/p>\n\n\n\n<p>F\u00e1tima Candeias ficou com sequelas no olho e precisou de atendimento hospitalar ap\u00f3s ser agredida em frente a um supermercado na pra\u00e7a do Catete, na zona sul do Rio.<\/p>\n\n\n\n<p>O agressor, identificado como Obed da Silva In\u00e1cio, de 57 anos, se incomodou com os louvores que ela cantava, acionou a Guarda Municipal por perturba\u00e7\u00e3o sonora e, ap\u00f3s uma discuss\u00e3o, deu um soco na&nbsp;<a href=\"https:\/\/www.guiame.com.br\/busca?termo=idosa\"><strong>idosa<\/strong><\/a>.<\/p>\n\n\n\n<p>\u201cEu estava ali cantando louvores em frente ao supermercado, e ele disse que o pessoal do estabelecimento estava incomodado com o som, mas n\u00e3o era verdade\u201d, disse F\u00e1tima no Instagram.<\/p>\n\n\n\n<p>\u201cQuando eu disse a ele que sabia que tinha sido ele quem ligou para a Guarda, ele me deu esse soco no olho\u201d, acrescentou.<\/p>\n\n\n\n<p>Obed foi levado para a delegacia do Catete, onde o caso foi registrado como les\u00e3o corporal. Em depoimento, disse que n\u00e3o teve inten\u00e7\u00e3o de agredir. Depois de prestar esclarecimentos, foi liberado e vai responder em liberdade.<\/p>\n\n\n\n<p>\u201cEu fiquei indignada como um homem, com a for\u00e7a de um homem, d\u00e1 um soco no rosto de uma senhora. D\u00f3i muito\u201d, afirmou F\u00e1tima em entrevista ao portal R7.<\/p>\n\n\n\n<p><strong>\u2018\u00c9 intoler\u00e2ncia total\u2019<\/strong><\/p>\n\n\n\n<p>Nas redes sociais, ao refletir sobre o ocorrido, F\u00e1tima compartilhou: \u201cVoc\u00ea que quer servir a Deus, fazendo louvores ou qualquer tipo de manifesta\u00e7\u00e3o, colocando a Palavra de Deus, ser\u00e1 que est\u00e1 preparado? Pois \u00e9, voc\u00eas est\u00e3o vendo aqui o meu rosto, o que aconteceu. Mas o ap\u00f3stolo Paulo diz que viver \u00e9 Cristo, e morrer \u00e9 lucro\u201d.<\/p>\n\n\n\n<p>E continuou: \u201cEu n\u00e3o morreria, nem vou morrer por causa de um soco no olho. Ent\u00e3o, eu pergunto a voc\u00eas: ser\u00e1 que est\u00e3o preparados? Na B\u00edblia, Jesus disse: \u2018Voc\u00eas ser\u00e3o mortos, perseguidos e odiados pelo mundo\u2019. Ent\u00e3o, eu pergunto: ser\u00e1 que voc\u00eas est\u00e3o preparados?\u201d.<\/p>\n\n\n\n<p>\u201cEu pe\u00e7o que voc\u00eas orem por mim. Fica aqui o depoimento de uma pessoa que verdadeiramente serve a Deus com amor. Mas eu n\u00e3o vou desistir. Deus aben\u00e7oe todos voc\u00eas\u201d, acrescentou.<\/p>\n\n\n\n<p>Milhares de internautas cobraram investiga\u00e7\u00e3o rigorosa e a responsabiliza\u00e7\u00e3o do agressor ap\u00f3s o caso ganhar repercuss\u00e3o, classificando o epis\u00f3dio como&nbsp;<a href=\"https:\/\/www.guiame.com.br\/busca?termo=intoler%C3%A2ncia+religiosa\"><strong>intoler\u00e2ncia religiosa<\/strong><\/a>&nbsp;e viol\u00eancia contra idosos.<\/p>\n\n\n\n<p>\u201cEu fico indignada com essas coisas que acontecem, como realmente o que diz na B\u00edblia est\u00e1 se cumprindo. N\u00e3o existe mais amor, nem respeito ao idoso, principalmente \u00e0 mulher idosa. At\u00e9 quando vai ser assim? Pelo lado espiritual, eu entendo que v\u00e1 piorar, porque Jesus est\u00e1 voltando. \u00c9 intoler\u00e2ncia total. N\u00e3o se pode fazer mais nada, muito menos quando se trata da Palavra de Deus, mas eu n\u00e3o vou desistir\u201d, afirmou a idosa.<\/p>\n\n\n\n<p>Por fim, ela encorajou a todos que manifestaram apoio a confiarem na justi\u00e7a de Deus e a permanecerem orando por sua vida:<\/p>\n\n\n\n<p>\u201cEu quero dizer a voc\u00eas que, assim como eu, devemos descansar o nosso cora\u00e7\u00e3o e confiar na justi\u00e7a de Deus, porque a justi\u00e7a dos homens muitas vezes \u00e9 falha, e n\u00f3s n\u00e3o podemos fazer justi\u00e7a com as pr\u00f3prias m\u00e3os. Eu sei que muita gente se manifestou e ficou bastante indignada com o que aconteceu, mas eu confio na justi\u00e7a de Deus e conto com as ora\u00e7\u00f5es de voc\u00eas\u201d.<\/p>\n\n\n\n<p><a href=\"https:\/\/www.instagram.com\/reels\/DWMgHJqDiyP\/\">https:\/\/www.instagram.com\/reels\/DWMgHJqDiyP\/<\/a><\/p>\n","protected":false},"excerpt":{"rendered":"<p>Na \u00faltima semana, uma idosa conhecida por evangelizar cantando louvores no&nbsp;Rio de Janeiro&nbsp;foi agredida por um homem que interrompeu a apresenta\u00e7\u00e3o e a atingiu com um soco no rosto. F\u00e1tima Candeias ficou com sequelas no olho e precisou de atendimento hospitalar ap\u00f3s ser agredida em frente a um supermercado na pra\u00e7a do Catete, na zona [&hellip;]<\/p>\n","protected":false},"author":2,"featured_media":23090,"comment_status":"open","ping_status":"open","sticky":false,"template":"","format":"standard","meta":[],"categories":[5],"tags":[],"_links":{"self":[{"href":"https:\/\/dgospel.com.br\/portal\/index.php\/wp-json\/wp\/v2\/posts\/23089"}],"collection":[{"href":"https:\/\/dgospel.com.br\/portal\/index.php\/wp-json\/wp\/v2\/posts"}],"about":[{"href":"https:\/\/dgospel.com.br\/portal\/index.php\/wp-json\/wp\/v2\/types\/post"}],"author":[{"embeddable":true,"href":"https:\/\/dgospel.com.br\/portal\/index.php\/wp-json\/wp\/v2\/users\/2"}],"replies":[{"embeddable":true,"href":"https:\/\/dgospel.com.br\/portal\/index.php\/wp-json\/wp\/v2\/comments?post=23089"}],"version-history":[{"count":1,"href":"https:\/\/dgospel.com.br\/portal\/index.php\/wp-json\/wp\/v2\/posts\/23089\/revisions"}],"predecessor-version":[{"id":23091,"href":"https:\/\/dgospel.com.br\/portal\/index.php\/wp-json\/wp\/v2\/posts\/23089\/revisions\/23091"}],"wp:featuredmedia":[{"embeddable":true,"href":"https:\/\/dgospel.com.br\/portal\/index.php\/wp-json\/wp\/v2\/media\/23090"}],"wp:attachment":[{"href":"https:\/\/dgospel.com.br\/portal\/index.php\/wp-json\/wp\/v2\/media?parent=23089"}],"wp:term":[{"taxonomy":"category","embeddable":true,"href":"https:\/\/dgospel.com.br\/portal\/index.php\/wp-json\/wp\/v2\/categories?post=23089"},{"taxonomy":"post_tag","embeddable":true,"href":"https:\/\/dgospel.com.br\/portal\/index.php\/wp-json\/wp\/v2\/tags?post=23089"}],"curies":[{"name":"wp","href":"https:\/\/api.w.org\/{rel}","templated":true}]}}