{"id":23102,"date":"2026-04-28T08:35:34","date_gmt":"2026-04-28T11:35:34","guid":{"rendered":"https:\/\/dgospel.com.br\/portal\/?p=23102"},"modified":"2026-04-28T08:35:36","modified_gmt":"2026-04-28T11:35:36","slug":"mais-de-250-indianos-descendentes-de-tribo-biblica-chegam-para-morar-em-israel","status":"publish","type":"post","link":"https:\/\/dgospel.com.br\/portal\/index.php\/2026\/04\/28\/mais-de-250-indianos-descendentes-de-tribo-biblica-chegam-para-morar-em-israel\/","title":{"rendered":"Mais de 250 indianos descendentes de tribo b\u00edblica chegam para morar em Israel"},"content":{"rendered":"\n<p>Mais de 250 indianos da comunidade Bnei Menashe&nbsp;<a href=\"https:\/\/guiame.com.br\/gospel\/israel\/29000-judeus-imigram-para-israel-em-meio-guerra-e-ao-antissemitismo-global.html\"><strong>desembarcaram em Israel<\/strong><\/a>&nbsp;na \u00faltima quinta-feira (23), como parte de um programa de&nbsp;<a href=\"https:\/\/guiame.com.br\/gospel\/israel\/225-judeus-dos-eua-e-canada-chegam-israel-em-maior-fluxo-migratorio-em-20-anos.html\"><strong>ali\u00e1&nbsp;<\/strong><\/a>do governo israelense para recoloc\u00e1-los no pa\u00eds.<\/p>\n\n\n\n<p>Ali\u00e1 \u00e9 termo hebraico para a imigra\u00e7\u00e3o judaica para Israel. Conforme a Lei do Retorno de Israel de 1950, qualquer pessoa judia no mundo tem o direito de imigrar para o pa\u00eds.<\/p>\n\n\n\n<p>Os indianos foram o primeiro grupo do povo Bnei Menashe a chegar em Israel ap\u00f3s a decis\u00e3o do governo em financiar a imigra\u00e7\u00e3o da comunidade que vive nos estados de Mizoram e Manipur, no nordeste da \u00cdndia.<\/p>\n\n\n\n<p>No ano passado, o governo israelense aprovou a ali\u00e1 de 6.000 membros restantes da comunidade para Israel at\u00e9 2030 \u2014 chamada de Opera\u00e7\u00e3o Asas do Amanhecer.<\/p>\n\n\n\n<p>Os Bnei Menashe afirmam que possuem descend\u00eancia da tribo de Manass\u00e9s e t\u00eam imigrado para Israel desde a d\u00e9cada de 1990.<\/p>\n\n\n\n<p><strong>Recep\u00e7\u00e3o calorosa<\/strong><\/p>\n\n\n\n<p>No Aeroporto Ben Gurion, os 250 indianos foram recebidos com festa por amigos e familiares israelenses, que passaram anos separados.<\/p>\n\n\n\n<p>&#8220;Esse homem \u00e9 como um irm\u00e3o para mim, n\u00e3o o vejo h\u00e1 nove anos. \u00c9ramos vizinhos e est\u00e1vamos entre os poucos judeus da nossa vila&#8221;, disse Dagan Zolat, um homem que se mudou para Israel em 2006 ao abra\u00e7ar um dos rec\u00e9m-chegados, \u00e0 AFP.<\/p>\n\n\n\n<p>O ministro da Imigra\u00e7\u00e3o, Ofir Sofer, recebeu o grupo indiano no aeroporto e afirmou que o momento era hist\u00f3rico.<\/p>\n\n\n\n<p>&#8220;Este \u00e9 o come\u00e7o de uma opera\u00e7\u00e3o que permitir\u00e1 que toda a comunidade imigre, 1.200 por ano&#8221;, declarou Sofer, \u00e0 AFP.<\/p>\n\n\n\n<p>No primeiro momento, os 250 indianos ser\u00e3o acomodados em um centro na cidade de Nof Hagalil, onde j\u00e1 existe uma grande comunidade Bnei Menashe.<\/p>\n\n\n\n<p>Segundo o Minist\u00e9rio da Ali\u00e1 e Integra\u00e7\u00e3o, outros dois voos est\u00e3o programados para as pr\u00f3ximas duas semanas.<\/p>\n\n\n\n<p>A organiza\u00e7\u00e3o Shavei Israel \u2013 que rastreia os descendentes das Tribos Perdidas e ajudou no processo de imigra\u00e7\u00e3o da comunidade indiana, informou que cerca de 4.000 Bnei Menashe imigraram para Israel desde 1990 e cerca de 7.000 ainda vivem na \u00cdndia.<\/p>\n\n\n\n<p>De acordo com a hist\u00f3ria oral dos Bnei Menashe, a comunidade passou por um \u00eaxodo de s\u00e9culos pela P\u00e9rsia, Afeganist\u00e3o, Tibete e China, e seguiram certas pr\u00e1ticas religiosas judaicas, como a circuncis\u00e3o.<\/p>\n\n\n\n<p><strong>Incentivo para a ali\u00e1<\/strong><\/p>\n\n\n\n<p>No ano passado, o ministro das Rela\u00e7\u00f5es Exteriores de Israel<a href=\"https:\/\/guiame.com.br\/gospel\/israel\/ministro-de-israel-pede-que-judeus-migrem-apos-onda-antissemita-voltem-para-casa.html\"><strong>&nbsp;pediu aos judeus ao redor do mundo que fa\u00e7am ali\u00e1<\/strong><\/a>&nbsp;para a na\u00e7\u00e3o israelense em meio ao aumento do antissemitismo global.<\/p>\n\n\n\n<p>Gideon Saar afirmou que a comunidade judaica n\u00e3o est\u00e1 mais segura em outros pa\u00edses.&nbsp;<\/p>\n\n\n\n<p>\u201cPor que criar seus filhos nesse ambiente? Venham com suas fam\u00edlias para a terra de nossos antepassados, para o Estado de Israel, onde os judeus ensinaram ao mundo inteiro o que significa autodefesa judaica. Chegou a hora&#8221;, incentivou ele, durante um evento em Israel.<\/p>\n\n\n\n<p><a href=\"https:\/\/www.instagram.com\/reels\/DXhEzzCiPlV\/\">https:\/\/www.instagram.com\/reels\/DXhEzzCiPlV\/<\/a><\/p>\n","protected":false},"excerpt":{"rendered":"<p>Mais de 250 indianos da comunidade Bnei Menashe&nbsp;desembarcaram em Israel&nbsp;na \u00faltima quinta-feira (23), como parte de um programa de&nbsp;ali\u00e1&nbsp;do governo israelense para recoloc\u00e1-los no pa\u00eds. Ali\u00e1 \u00e9 termo hebraico para a imigra\u00e7\u00e3o judaica para Israel. Conforme a Lei do Retorno de Israel de 1950, qualquer pessoa judia no mundo tem o direito de imigrar para [&hellip;]<\/p>\n","protected":false},"author":2,"featured_media":23103,"comment_status":"open","ping_status":"open","sticky":false,"template":"","format":"standard","meta":[],"categories":[12,16],"tags":[13],"_links":{"self":[{"href":"https:\/\/dgospel.com.br\/portal\/index.php\/wp-json\/wp\/v2\/posts\/23102"}],"collection":[{"href":"https:\/\/dgospel.com.br\/portal\/index.php\/wp-json\/wp\/v2\/posts"}],"about":[{"href":"https:\/\/dgospel.com.br\/portal\/index.php\/wp-json\/wp\/v2\/types\/post"}],"author":[{"embeddable":true,"href":"https:\/\/dgospel.com.br\/portal\/index.php\/wp-json\/wp\/v2\/users\/2"}],"replies":[{"embeddable":true,"href":"https:\/\/dgospel.com.br\/portal\/index.php\/wp-json\/wp\/v2\/comments?post=23102"}],"version-history":[{"count":1,"href":"https:\/\/dgospel.com.br\/portal\/index.php\/wp-json\/wp\/v2\/posts\/23102\/revisions"}],"predecessor-version":[{"id":23104,"href":"https:\/\/dgospel.com.br\/portal\/index.php\/wp-json\/wp\/v2\/posts\/23102\/revisions\/23104"}],"wp:featuredmedia":[{"embeddable":true,"href":"https:\/\/dgospel.com.br\/portal\/index.php\/wp-json\/wp\/v2\/media\/23103"}],"wp:attachment":[{"href":"https:\/\/dgospel.com.br\/portal\/index.php\/wp-json\/wp\/v2\/media?parent=23102"}],"wp:term":[{"taxonomy":"category","embeddable":true,"href":"https:\/\/dgospel.com.br\/portal\/index.php\/wp-json\/wp\/v2\/categories?post=23102"},{"taxonomy":"post_tag","embeddable":true,"href":"https:\/\/dgospel.com.br\/portal\/index.php\/wp-json\/wp\/v2\/tags?post=23102"}],"curies":[{"name":"wp","href":"https:\/\/api.w.org\/{rel}","templated":true}]}}