{"id":23108,"date":"2026-04-28T12:31:59","date_gmt":"2026-04-28T15:31:59","guid":{"rendered":"https:\/\/dgospel.com.br\/portal\/?p=23108"},"modified":"2026-04-28T12:32:00","modified_gmt":"2026-04-28T15:32:00","slug":"movimento-de-jovens-evangelicos-ganha-reconhecimento-oficial-em-cuiaba","status":"publish","type":"post","link":"https:\/\/dgospel.com.br\/portal\/index.php\/2026\/04\/28\/movimento-de-jovens-evangelicos-ganha-reconhecimento-oficial-em-cuiaba\/","title":{"rendered":"Movimento de jovens evang\u00e9licos ganha reconhecimento oficial em Cuiab\u00e1"},"content":{"rendered":"\n<p>O prefeito de Cuiab\u00e1, Abilio Brunini, destacou nesta segunda-feira (27) a import\u00e2ncia da Uni\u00e3o de Mocidades das Assembleias de Deus de Cuiab\u00e1 e Regi\u00e3o (UMADECRE) no fortalecimento de a\u00e7\u00f5es sociais e no apoio cont\u00ednuo \u00e0 juventude cuiabana. A declara\u00e7\u00e3o foi feita durante sess\u00e3o solene realizada na C\u00e2mara Municipal.<\/p>\n\n\n\n<p>A homenagem foi proposta pela vereadora Samantha Iris, que tamb\u00e9m atua como primeira-dama da capital. O evento reuniu l\u00edderes religiosos, volunt\u00e1rios e jovens ligados \u00e0 institui\u00e7\u00e3o, em um momento marcado por reconhecimento e celebra\u00e7\u00e3o pelo trabalho desenvolvido ao longo de mais de 40 anos.<\/p>\n\n\n\n<p>Durante o discurso, o prefeito ressaltou que a UMADECRE vai al\u00e9m dos grandes congressos realizados no per\u00edodo de Carnaval, que chegam a reunir mais de 25 mil pessoas por dia. Segundo ele, a atua\u00e7\u00e3o da entidade \u00e9 permanente, oferecendo suporte aos jovens por meio de forma\u00e7\u00e3o, orienta\u00e7\u00e3o e incentivo a valores sociais e morais.<\/p>\n\n\n\n<p>\u201cA UMADECRE \u00e9 um exemplo de salvar vidas e resgatar o ser humano. N\u00e3o \u00e9 f\u00e1cil competir com as redes sociais e outras influ\u00eancias, mas o trabalho tem avan\u00e7ado. Enquanto eu estiver \u00e0 frente da Prefeitura, n\u00e3o faltar\u00e3o esfor\u00e7os para que essa atua\u00e7\u00e3o continue crescendo\u201d, afirmou.<\/p>\n\n\n\n<p>Ao todo, 166 integrantes da UMADECRE receberam mo\u00e7\u00f5es de aplausos aprovadas pelo Legislativo municipal. Para Samantha Iris, o movimento representa uma for\u00e7a coletiva que transforma realidades. \u201cN\u00e3o \u00e9 apenas um evento, mas uma iniciativa constru\u00edda por volunt\u00e1rios, pastores e jovens comprometidos com a recupera\u00e7\u00e3o de vidas\u201d, destacou.<\/p>\n\n\n\n<p>A vereadora tamb\u00e9m enfatizou o impacto espiritual das atividades promovidas. Segundo ela, os encontros s\u00e3o espa\u00e7os de transforma\u00e7\u00e3o, com relatos frequentes de mudan\u00e7as de comportamento, reconcilia\u00e7\u00f5es e restaura\u00e7\u00e3o de fam\u00edlias.<\/p>\n\n\n\n<p>Participaram ainda da solenidade os pastores Samuel Gon\u00e7alves e Elias Pereira, al\u00e9m do superintendente adjunto da UMADECRE, Lucas Silveira. Ele ressaltou que o reconhecimento institucional fortalece o trabalho realizado tanto no campo religioso quanto social.<\/p>\n\n\n\n<p>Entre as a\u00e7\u00f5es citadas est\u00e1 o projeto \u201cP\u00e3o e \u00c1gua\u201d, desenvolvido em universidades e avenidas da capital, al\u00e9m de iniciativas voltadas ao combate \u00e0 viol\u00eancia contra a mulher e ao acolhimento de jovens em situa\u00e7\u00e3o de vulnerabilidade.<\/p>\n\n\n\n<p>Lucas tamb\u00e9m destacou o alcance do 44\u00ba Congresso da UMADECRE, realizado durante o Carnaval no Grande Templo, que registrou cerca de 100 mil participa\u00e7\u00f5es ao longo de quatro dias. \u201cEsse engajamento mostra que a sociedade reconhece a import\u00e2ncia do trabalho que realizamos, com o objetivo de contribuir para uma cidade melhor\u201d, afirmou.<\/p>\n","protected":false},"excerpt":{"rendered":"<p>O prefeito de Cuiab\u00e1, Abilio Brunini, destacou nesta segunda-feira (27) a import\u00e2ncia da Uni\u00e3o de Mocidades das Assembleias de Deus de Cuiab\u00e1 e Regi\u00e3o (UMADECRE) no fortalecimento de a\u00e7\u00f5es sociais e no apoio cont\u00ednuo \u00e0 juventude cuiabana. A declara\u00e7\u00e3o foi feita durante sess\u00e3o solene realizada na C\u00e2mara Municipal. A homenagem foi proposta pela vereadora Samantha [&hellip;]<\/p>\n","protected":false},"author":2,"featured_media":23109,"comment_status":"open","ping_status":"open","sticky":false,"template":"","format":"standard","meta":[],"categories":[12,5],"tags":[],"_links":{"self":[{"href":"https:\/\/dgospel.com.br\/portal\/index.php\/wp-json\/wp\/v2\/posts\/23108"}],"collection":[{"href":"https:\/\/dgospel.com.br\/portal\/index.php\/wp-json\/wp\/v2\/posts"}],"about":[{"href":"https:\/\/dgospel.com.br\/portal\/index.php\/wp-json\/wp\/v2\/types\/post"}],"author":[{"embeddable":true,"href":"https:\/\/dgospel.com.br\/portal\/index.php\/wp-json\/wp\/v2\/users\/2"}],"replies":[{"embeddable":true,"href":"https:\/\/dgospel.com.br\/portal\/index.php\/wp-json\/wp\/v2\/comments?post=23108"}],"version-history":[{"count":1,"href":"https:\/\/dgospel.com.br\/portal\/index.php\/wp-json\/wp\/v2\/posts\/23108\/revisions"}],"predecessor-version":[{"id":23110,"href":"https:\/\/dgospel.com.br\/portal\/index.php\/wp-json\/wp\/v2\/posts\/23108\/revisions\/23110"}],"wp:featuredmedia":[{"embeddable":true,"href":"https:\/\/dgospel.com.br\/portal\/index.php\/wp-json\/wp\/v2\/media\/23109"}],"wp:attachment":[{"href":"https:\/\/dgospel.com.br\/portal\/index.php\/wp-json\/wp\/v2\/media?parent=23108"}],"wp:term":[{"taxonomy":"category","embeddable":true,"href":"https:\/\/dgospel.com.br\/portal\/index.php\/wp-json\/wp\/v2\/categories?post=23108"},{"taxonomy":"post_tag","embeddable":true,"href":"https:\/\/dgospel.com.br\/portal\/index.php\/wp-json\/wp\/v2\/tags?post=23108"}],"curies":[{"name":"wp","href":"https:\/\/api.w.org\/{rel}","templated":true}]}}