{"id":23111,"date":"2026-04-28T13:04:16","date_gmt":"2026-04-28T16:04:16","guid":{"rendered":"https:\/\/dgospel.com.br\/portal\/?p=23111"},"modified":"2026-04-28T13:04:17","modified_gmt":"2026-04-28T16:04:17","slug":"gipao-participa-dos-30-anos-de-barra-do-ouro-e-reforca-parceria-com-o-municipio","status":"publish","type":"post","link":"https:\/\/dgospel.com.br\/portal\/index.php\/2026\/04\/28\/gipao-participa-dos-30-anos-de-barra-do-ouro-e-reforca-parceria-com-o-municipio\/","title":{"rendered":"Gip\u00e3o participa dos 30 anos de Barra do Ouro e refor\u00e7a parceria com o munic\u00edpio"},"content":{"rendered":"\n<p>O deputado estadual Gip\u00e3o participou das comemora\u00e7\u00f5es pelos 30 anos de Barra do Ouro, que inclu\u00edram na programa\u00e7\u00e3o a celebra\u00e7\u00e3o do Dia do Evang\u00e9lico, refor\u00e7ando sua presen\u00e7a e parceria com o munic\u00edpio.<br>O parlamentar acompanhou a programa\u00e7\u00e3o ao lado da prefeita N\u00e9lida Miranda, vereadores e pastores de diversas denomina\u00e7\u00f5es da regi\u00e3o, prestigiando especialmente a celebra\u00e7\u00e3o evang\u00e9lica, que reuniu fi\u00e9is em um momento de f\u00e9, louvor e comunh\u00e3o, com a apresenta\u00e7\u00e3o do cantor Clayton Queiroz.<br>A presen\u00e7a de Gip\u00e3o no evento evidencia seu compromisso com o fortalecimento da comunidade evang\u00e9lica e a valoriza\u00e7\u00e3o da cultura crist\u00e3 no Tocantins, al\u00e9m de sua atua\u00e7\u00e3o em parceria com a gest\u00e3o municipal.<br>Durante o evento, a prefeita N\u00e9lida Miranda destacou o apoio do deputado ao munic\u00edpio:<br>\u201cEle esteve aqui no ano passado e disse que, neste ano, ajudaria a realizar esse evento. E n\u00e3o \u00e9 s\u00f3 isso: al\u00e9m do apoio \u00e0 festa, o deputado Gip\u00e3o tamb\u00e9m est\u00e1 destinando uma ambul\u00e2ncia para o munic\u00edpio e R$ 100 mil para a constru\u00e7\u00e3o de cal\u00e7adas em Morro Grande. Hoje, ele \u00e9 um grande parceiro de Barra do Ouro, com o nosso carinho e reconhecimento, n\u00e3o s\u00f3 da prefeita, mas tamb\u00e9m dos secret\u00e1rios e vereadores que acompanham seu trabalho.\u201d<br>Gip\u00e3o tem se destacado pela atua\u00e7\u00e3o pr\u00f3xima aos munic\u00edpios, contribuindo com a\u00e7\u00f5es concretas e apoiando iniciativas que promovem n\u00e3o apenas o desenvolvimento estrutural, mas tamb\u00e9m os valores sociais e espirituais da popula\u00e7\u00e3o.<br>Em sua fala, o deputado destacou:<br>\u201c\u00c9 uma alegria participar desse momento t\u00e3o especial para Barra do Ouro. Seguimos trabalhando em parceria com a gest\u00e3o municipal, apoiando a\u00e7\u00f5es que fortalecem a cidade e valorizam a f\u00e9, que \u00e9 um pilar importante na vida das fam\u00edlias tocantinenses.\u201d<\/p>\n","protected":false},"excerpt":{"rendered":"<p>O deputado estadual Gip\u00e3o participou das comemora\u00e7\u00f5es pelos 30 anos de Barra do Ouro, que inclu\u00edram na programa\u00e7\u00e3o a celebra\u00e7\u00e3o do Dia do Evang\u00e9lico, refor\u00e7ando sua presen\u00e7a e parceria com o munic\u00edpio.O parlamentar acompanhou a programa\u00e7\u00e3o ao lado da prefeita N\u00e9lida Miranda, vereadores e pastores de diversas denomina\u00e7\u00f5es da regi\u00e3o, prestigiando especialmente a celebra\u00e7\u00e3o evang\u00e9lica, [&hellip;]<\/p>\n","protected":false},"author":2,"featured_media":23112,"comment_status":"open","ping_status":"open","sticky":false,"template":"","format":"standard","meta":[],"categories":[3],"tags":[13],"_links":{"self":[{"href":"https:\/\/dgospel.com.br\/portal\/index.php\/wp-json\/wp\/v2\/posts\/23111"}],"collection":[{"href":"https:\/\/dgospel.com.br\/portal\/index.php\/wp-json\/wp\/v2\/posts"}],"about":[{"href":"https:\/\/dgospel.com.br\/portal\/index.php\/wp-json\/wp\/v2\/types\/post"}],"author":[{"embeddable":true,"href":"https:\/\/dgospel.com.br\/portal\/index.php\/wp-json\/wp\/v2\/users\/2"}],"replies":[{"embeddable":true,"href":"https:\/\/dgospel.com.br\/portal\/index.php\/wp-json\/wp\/v2\/comments?post=23111"}],"version-history":[{"count":1,"href":"https:\/\/dgospel.com.br\/portal\/index.php\/wp-json\/wp\/v2\/posts\/23111\/revisions"}],"predecessor-version":[{"id":23113,"href":"https:\/\/dgospel.com.br\/portal\/index.php\/wp-json\/wp\/v2\/posts\/23111\/revisions\/23113"}],"wp:featuredmedia":[{"embeddable":true,"href":"https:\/\/dgospel.com.br\/portal\/index.php\/wp-json\/wp\/v2\/media\/23112"}],"wp:attachment":[{"href":"https:\/\/dgospel.com.br\/portal\/index.php\/wp-json\/wp\/v2\/media?parent=23111"}],"wp:term":[{"taxonomy":"category","embeddable":true,"href":"https:\/\/dgospel.com.br\/portal\/index.php\/wp-json\/wp\/v2\/categories?post=23111"},{"taxonomy":"post_tag","embeddable":true,"href":"https:\/\/dgospel.com.br\/portal\/index.php\/wp-json\/wp\/v2\/tags?post=23111"}],"curies":[{"name":"wp","href":"https:\/\/api.w.org\/{rel}","templated":true}]}}