{"id":23114,"date":"2026-04-28T13:10:31","date_gmt":"2026-04-28T16:10:31","guid":{"rendered":"https:\/\/dgospel.com.br\/portal\/?p=23114"},"modified":"2026-04-28T13:10:33","modified_gmt":"2026-04-28T16:10:33","slug":"prefeito-de-vitorino-freire-morre-apos-sofrer-infarto-durante-evento-em-igreja","status":"publish","type":"post","link":"https:\/\/dgospel.com.br\/portal\/index.php\/2026\/04\/28\/prefeito-de-vitorino-freire-morre-apos-sofrer-infarto-durante-evento-em-igreja\/","title":{"rendered":"Prefeito de Vitorino Freire morre, ap\u00f3s sofrer infarto durante evento em igreja"},"content":{"rendered":"\n<p>Morreu na noite desta segunda-feira (27) o prefeito de Vitorino Freire (MA), Ademar Magalh\u00e3es (Uni\u00e3o Brasil), mais conhecido como Fogoi\u00f3. O gestor de 61 anos sofreu um infarto enquanto participava de um evento na Igreja Assembleia de Deus, do munic\u00edpio.<\/p>\n\n\n\n<p>Na ocasi\u00e3o, a ex-prefeita Luanna Rezende, que \u00e9 m\u00e9dica e estava no local, realizou manobras de reanima\u00e7\u00e3o cardiopulmonar at\u00e9 a chegada do Servi\u00e7o de Atendimento M\u00f3vel de Urg\u00eancia (Samu). Magalh\u00e3es foi levado ao Hospital Municipal Dr. Francisco Ribeiro, mas n\u00e3o resistiu.<\/p>\n\n\n\n<blockquote class=\"wp-block-quote\"><p>&nbsp;Ver essa foto no Instagram<\/p><p>&nbsp;<\/p><p><a href=\"https:\/\/www.instagram.com\/reel\/DXrPg2cAetr\/?utm_source=ig_embed&amp;utm_campaign=loading\" target=\"_blank\" rel=\"noreferrer noopener\">Um post compartilhado por Pleno.News (@plenonews)<\/a><\/p><\/blockquote>\n\n\n\n<p>A Prefeitura de Vitorino Freire, que ficar\u00e1 sob o comando da vice-prefeita, Gabi Viana, decretou luto oficial de tr\u00eas dias no munic\u00edpio. Em nota, a gest\u00e3o municipal exaltou a trajet\u00f3ria de Ademar e se solidarizou com familiares.<\/p>\n\n\n\n<p>\u2013 Gestor dedicado, [Ademar Magalh\u00e3es] exerceu sua trajet\u00f3ria com compromisso, responsabilidade e zelo pelo povo vitorinense, deixando um legado de trabalho e dedica\u00e7\u00e3o ao munic\u00edpio. Neste momento de dor, a Prefeitura se solidariza com familiares, amigos e toda a popula\u00e7\u00e3o, rogando a Deus que conceda conforto e for\u00e7a a todos \u2013 expressou.<\/p>\n\n\n\n<p>O governador do Maranh\u00e3o, Carlos Brand\u00e3o (sem partido), publicou uma mensagem lamentando a morte de Ademar, nas redes sociais.<\/p>\n\n\n\n<p>\u2013 Perdemos um gestor amigo e parceiro da nossa gest\u00e3o, o prefeito Fogoi\u00f3. Sua partida nos entristece, mas seu trabalho e compromisso com as pessoas permanecer\u00e1. Meu abra\u00e7o \u00e0 fam\u00edlia, aos amigos e ao povo de Vitorino Freire. Pe\u00e7o que Deus console a todos neste momento \u2013 desejou.<\/p>\n\n\n\n<p>Fogoi\u00f3 foi eleito em 2024 com 62,69% dos votos v\u00e1lidos. Ele estava em seu primeiro mandato, e j\u00e1 tinha atuado como assessor parlamentar do deputado federal e ex-ministro das Comunica\u00e7\u00f5es, Juscelino Filho (Uni\u00e3o Brasil).<\/p>\n\n\n\n<p>O vel\u00f3rio acontece nesta ter\u00e7a-feira (28), tamb\u00e9m na Igreja Assembleia de Deus. J\u00e1 nesta quarta-feira (29), haver\u00e1 uma missa \u00e0s 7h na Igreja Cat\u00f3lica. Na sequ\u00eancia, ser\u00e1 realizado um cortejo f\u00fanebre at\u00e9 o Cemit\u00e9rio Municipal, onde ocorrer\u00e1 o sepultamento.<\/p>\n\n\n\n<p>Ademar deixa a esposa Leda e duas filhas: Jackeline e Larissa.<\/p>\n","protected":false},"excerpt":{"rendered":"<p>Morreu na noite desta segunda-feira (27) o prefeito de Vitorino Freire (MA), Ademar Magalh\u00e3es (Uni\u00e3o Brasil), mais conhecido como Fogoi\u00f3. O gestor de 61 anos sofreu um infarto enquanto participava de um evento na Igreja Assembleia de Deus, do munic\u00edpio. Na ocasi\u00e3o, a ex-prefeita Luanna Rezende, que \u00e9 m\u00e9dica e estava no local, realizou manobras [&hellip;]<\/p>\n","protected":false},"author":2,"featured_media":23115,"comment_status":"open","ping_status":"open","sticky":false,"template":"","format":"standard","meta":[],"categories":[10],"tags":[13],"_links":{"self":[{"href":"https:\/\/dgospel.com.br\/portal\/index.php\/wp-json\/wp\/v2\/posts\/23114"}],"collection":[{"href":"https:\/\/dgospel.com.br\/portal\/index.php\/wp-json\/wp\/v2\/posts"}],"about":[{"href":"https:\/\/dgospel.com.br\/portal\/index.php\/wp-json\/wp\/v2\/types\/post"}],"author":[{"embeddable":true,"href":"https:\/\/dgospel.com.br\/portal\/index.php\/wp-json\/wp\/v2\/users\/2"}],"replies":[{"embeddable":true,"href":"https:\/\/dgospel.com.br\/portal\/index.php\/wp-json\/wp\/v2\/comments?post=23114"}],"version-history":[{"count":1,"href":"https:\/\/dgospel.com.br\/portal\/index.php\/wp-json\/wp\/v2\/posts\/23114\/revisions"}],"predecessor-version":[{"id":23116,"href":"https:\/\/dgospel.com.br\/portal\/index.php\/wp-json\/wp\/v2\/posts\/23114\/revisions\/23116"}],"wp:featuredmedia":[{"embeddable":true,"href":"https:\/\/dgospel.com.br\/portal\/index.php\/wp-json\/wp\/v2\/media\/23115"}],"wp:attachment":[{"href":"https:\/\/dgospel.com.br\/portal\/index.php\/wp-json\/wp\/v2\/media?parent=23114"}],"wp:term":[{"taxonomy":"category","embeddable":true,"href":"https:\/\/dgospel.com.br\/portal\/index.php\/wp-json\/wp\/v2\/categories?post=23114"},{"taxonomy":"post_tag","embeddable":true,"href":"https:\/\/dgospel.com.br\/portal\/index.php\/wp-json\/wp\/v2\/tags?post=23114"}],"curies":[{"name":"wp","href":"https:\/\/api.w.org\/{rel}","templated":true}]}}