{"id":23120,"date":"2026-04-29T11:05:28","date_gmt":"2026-04-29T14:05:28","guid":{"rendered":"https:\/\/dgospel.com.br\/portal\/?p=23120"},"modified":"2026-04-29T11:05:29","modified_gmt":"2026-04-29T14:05:29","slug":"deputado-do-caso-dos-dolares-na-cueca-se-torna-ministro-de-lula","status":"publish","type":"post","link":"https:\/\/dgospel.com.br\/portal\/index.php\/2026\/04\/29\/deputado-do-caso-dos-dolares-na-cueca-se-torna-ministro-de-lula\/","title":{"rendered":"Deputado do caso dos \u201cd\u00f3lares na cueca\u201d se torna ministro de Lula"},"content":{"rendered":"\n<p>O deputado federal&nbsp;<a href=\"https:\/\/pleno.news\/tag\/jose-guimaraes\" target=\"_blank\" rel=\"noreferrer noopener\">Jos\u00e9 Guimar\u00e3es<\/a>&nbsp;(PT-CE), cujo nome ficou marcado pelo epis\u00f3dio conhecido como o caso dos \u201cd\u00f3lares na cueca\u201d, assumiu no \u00faltimo dia 14 de abril o comando da Secretaria de Rela\u00e7\u00f5es Institucionais (SRI) do governo&nbsp;<a href=\"https:\/\/pleno.news\/tag\/lula\" target=\"_blank\" rel=\"noreferrer noopener\">Lula<\/a>&nbsp;(PT), pasta com status ministerial que \u00e9 respons\u00e1vel pela articula\u00e7\u00e3o pol\u00edtica com o Congresso Nacional.<\/p>\n\n\n\n<p>A nomea\u00e7\u00e3o ocorre cerca de cinco anos ap\u00f3s o encerramento definitivo do processo que investigava sua suposta liga\u00e7\u00e3o com o famoso epis\u00f3dio ocorrido em julho de 2005. Na ocasi\u00e3o, um assessor do parlamentar, identificado como Jos\u00e9 Adalberto Vieira, foi preso no Aeroporto de Congonhas, em S\u00e3o Paulo, com 100 mil d\u00f3lares (R$ 501 mil na cota\u00e7\u00e3o atual) escondidos na cueca e R$ 209 mil em uma mala.<\/p>\n\n\n\n<p>Ap\u00f3s mais de 16 anos de tramita\u00e7\u00e3o, a Justi\u00e7a Federal reconheceu a prescri\u00e7\u00e3o do caso em 2021, extinguindo a possibilidade de puni\u00e7\u00e3o criminal tanto para Guimar\u00e3es quanto para o ex-assessor. Na decis\u00e3o, o juiz Danilo Fontenele Sampaio apontou que o longo per\u00edodo sem avan\u00e7o processual inviabilizou a continuidade da a\u00e7\u00e3o.<\/p>\n\n\n\n<p>\u2013 Assiste raz\u00e3o ao Minist\u00e9rio P\u00fablico Federal acerca da ocorr\u00eancia da prescri\u00e7\u00e3o, uma vez que, contando o lapso temporal decorrido desde o \u00faltimo ato indicado como parte das a\u00e7\u00f5es tidas como delituosas perpetradas, verifica-se o decurso de mais de 16 (dezesseis) anos sem que tenha sobrevindo qualquer causa interruptiva da prescri\u00e7\u00e3o \u2013 disse o magistrado.<\/p>\n\n\n\n<p>Apesar do desgaste causado pelo epis\u00f3dio em sua vida pol\u00edtica, Guimar\u00e3es conseguiu construir carreira como deputado estadual no Cear\u00e1 antes de chegar \u00e0 C\u00e2mara dos Deputados. Ao longo dos anos, ocupou posi\u00e7\u00f5es estrat\u00e9gicas, como l\u00edder da bancada petista e l\u00edder do governo, tanto no per\u00edodo de Dilma Rousseff quanto no atual mandato de Lula.<\/p>\n","protected":false},"excerpt":{"rendered":"<p>O deputado federal&nbsp;Jos\u00e9 Guimar\u00e3es&nbsp;(PT-CE), cujo nome ficou marcado pelo epis\u00f3dio conhecido como o caso dos \u201cd\u00f3lares na cueca\u201d, assumiu no \u00faltimo dia 14 de abril o comando da Secretaria de Rela\u00e7\u00f5es Institucionais (SRI) do governo&nbsp;Lula&nbsp;(PT), pasta com status ministerial que \u00e9 respons\u00e1vel pela articula\u00e7\u00e3o pol\u00edtica com o Congresso Nacional. A nomea\u00e7\u00e3o ocorre cerca de cinco [&hellip;]<\/p>\n","protected":false},"author":2,"featured_media":23121,"comment_status":"open","ping_status":"open","sticky":false,"template":"","format":"standard","meta":[],"categories":[4],"tags":[13],"_links":{"self":[{"href":"https:\/\/dgospel.com.br\/portal\/index.php\/wp-json\/wp\/v2\/posts\/23120"}],"collection":[{"href":"https:\/\/dgospel.com.br\/portal\/index.php\/wp-json\/wp\/v2\/posts"}],"about":[{"href":"https:\/\/dgospel.com.br\/portal\/index.php\/wp-json\/wp\/v2\/types\/post"}],"author":[{"embeddable":true,"href":"https:\/\/dgospel.com.br\/portal\/index.php\/wp-json\/wp\/v2\/users\/2"}],"replies":[{"embeddable":true,"href":"https:\/\/dgospel.com.br\/portal\/index.php\/wp-json\/wp\/v2\/comments?post=23120"}],"version-history":[{"count":1,"href":"https:\/\/dgospel.com.br\/portal\/index.php\/wp-json\/wp\/v2\/posts\/23120\/revisions"}],"predecessor-version":[{"id":23122,"href":"https:\/\/dgospel.com.br\/portal\/index.php\/wp-json\/wp\/v2\/posts\/23120\/revisions\/23122"}],"wp:featuredmedia":[{"embeddable":true,"href":"https:\/\/dgospel.com.br\/portal\/index.php\/wp-json\/wp\/v2\/media\/23121"}],"wp:attachment":[{"href":"https:\/\/dgospel.com.br\/portal\/index.php\/wp-json\/wp\/v2\/media?parent=23120"}],"wp:term":[{"taxonomy":"category","embeddable":true,"href":"https:\/\/dgospel.com.br\/portal\/index.php\/wp-json\/wp\/v2\/categories?post=23120"},{"taxonomy":"post_tag","embeddable":true,"href":"https:\/\/dgospel.com.br\/portal\/index.php\/wp-json\/wp\/v2\/tags?post=23120"}],"curies":[{"name":"wp","href":"https:\/\/api.w.org\/{rel}","templated":true}]}}