{"id":23126,"date":"2026-04-29T22:02:02","date_gmt":"2026-04-30T01:02:02","guid":{"rendered":"https:\/\/dgospel.com.br\/portal\/?p=23126"},"modified":"2026-04-29T22:02:03","modified_gmt":"2026-04-30T01:02:03","slug":"em-derrota-historica-para-lula-messias-e-rejeitado-para-o-stf","status":"publish","type":"post","link":"https:\/\/dgospel.com.br\/portal\/index.php\/2026\/04\/29\/em-derrota-historica-para-lula-messias-e-rejeitado-para-o-stf\/","title":{"rendered":"Em derrota hist\u00f3rica para Lula, Messias \u00e9 rejeitado para o STF"},"content":{"rendered":"\n<p>Nesta quarta-feira (29), o Plen\u00e1rio do Senado rejeitou o nome do advogado-geral da Uni\u00e3o, Jorge Messias, para uma vaga no Supremo Tribunal Federal (STF). O placar final da vota\u00e7\u00e3o terminou em 42 votos contr\u00e1rios e 34 votos favor\u00e1veis. Foi a primeira vez, desde 1894, que a Casa rejeitou um nome indicado pelo presidente da Rep\u00fablica para o Supremo.<\/p>\n\n\n\n<p>Mais cedo, Messias participou por cerca de oito horas de uma sabatina na Comiss\u00e3o de Constitui\u00e7\u00e3o e Justi\u00e7a (CJJ) da Casa, onde teve seu nome aprovado por 16 votos a favor e 11 contr\u00e1rios. Ele foi indicado pelo presidente Luiz In\u00e1cio Lula da Silva (PT) para a vaga do ex-ministro Lu\u00eds Roberto Barroso, que se aposentou.<\/p>\n\n\n\n<p>Agora o nome de Messias ser\u00e1 arquivado e Lula dever\u00e1 indicar outro nome para ocupar a vaga.<\/p>\n","protected":false},"excerpt":{"rendered":"<p>Nesta quarta-feira (29), o Plen\u00e1rio do Senado rejeitou o nome do advogado-geral da Uni\u00e3o, Jorge Messias, para uma vaga no Supremo Tribunal Federal (STF). O placar final da vota\u00e7\u00e3o terminou em 42 votos contr\u00e1rios e 34 votos favor\u00e1veis. Foi a primeira vez, desde 1894, que a Casa rejeitou um nome indicado pelo presidente da Rep\u00fablica [&hellip;]<\/p>\n","protected":false},"author":2,"featured_media":23127,"comment_status":"open","ping_status":"open","sticky":false,"template":"","format":"standard","meta":[],"categories":[10],"tags":[13],"_links":{"self":[{"href":"https:\/\/dgospel.com.br\/portal\/index.php\/wp-json\/wp\/v2\/posts\/23126"}],"collection":[{"href":"https:\/\/dgospel.com.br\/portal\/index.php\/wp-json\/wp\/v2\/posts"}],"about":[{"href":"https:\/\/dgospel.com.br\/portal\/index.php\/wp-json\/wp\/v2\/types\/post"}],"author":[{"embeddable":true,"href":"https:\/\/dgospel.com.br\/portal\/index.php\/wp-json\/wp\/v2\/users\/2"}],"replies":[{"embeddable":true,"href":"https:\/\/dgospel.com.br\/portal\/index.php\/wp-json\/wp\/v2\/comments?post=23126"}],"version-history":[{"count":1,"href":"https:\/\/dgospel.com.br\/portal\/index.php\/wp-json\/wp\/v2\/posts\/23126\/revisions"}],"predecessor-version":[{"id":23128,"href":"https:\/\/dgospel.com.br\/portal\/index.php\/wp-json\/wp\/v2\/posts\/23126\/revisions\/23128"}],"wp:featuredmedia":[{"embeddable":true,"href":"https:\/\/dgospel.com.br\/portal\/index.php\/wp-json\/wp\/v2\/media\/23127"}],"wp:attachment":[{"href":"https:\/\/dgospel.com.br\/portal\/index.php\/wp-json\/wp\/v2\/media?parent=23126"}],"wp:term":[{"taxonomy":"category","embeddable":true,"href":"https:\/\/dgospel.com.br\/portal\/index.php\/wp-json\/wp\/v2\/categories?post=23126"},{"taxonomy":"post_tag","embeddable":true,"href":"https:\/\/dgospel.com.br\/portal\/index.php\/wp-json\/wp\/v2\/tags?post=23126"}],"curies":[{"name":"wp","href":"https:\/\/api.w.org\/{rel}","templated":true}]}}