{"id":23129,"date":"2026-04-29T22:03:56","date_gmt":"2026-04-30T01:03:56","guid":{"rendered":"https:\/\/dgospel.com.br\/portal\/?p=23129"},"modified":"2026-04-29T22:03:56","modified_gmt":"2026-04-30T01:03:56","slug":"gastanca-do-governo-lula-gera-deficit-de-r-737-bilhoes-ao-pior-marco-desde-1997","status":"publish","type":"post","link":"https:\/\/dgospel.com.br\/portal\/index.php\/2026\/04\/29\/gastanca-do-governo-lula-gera-deficit-de-r-737-bilhoes-ao-pior-marco-desde-1997\/","title":{"rendered":"Gastan\u00e7a do governo Lula gera d\u00e9ficit de R$ 73,7 bilh\u00f5es ao pior mar\u00e7o desde 1997"},"content":{"rendered":"\n<p>As contas do Governo Central \u2014 que incluem&nbsp;Tesouro Nacional,&nbsp;Banco Central do Brasil&nbsp;e Previd\u00eancia Social \u2014 fecharam o m\u00eas de mar\u00e7o com d\u00e9ficit prim\u00e1rio de R$ 73,7 bilh\u00f5es. O resultado, divulgado nesta quarta-feira (29), \u00e9 o pior para o m\u00eas desde o in\u00edcio da s\u00e9rie hist\u00f3rica, em 1997.<\/p>\n\n\n\n<p>O d\u00e9ficit prim\u00e1rio ocorre quando as despesas do governo superam as receitas, sem considerar o pagamento de juros da d\u00edvida p\u00fablica.<\/p>\n\n\n\n<p>O resultado reacende o debate sobre a condu\u00e7\u00e3o da pol\u00edtica fiscal do governo do presidente&nbsp;Luiz In\u00e1cio Lula da Silva&nbsp;e aumenta a press\u00e3o sobre a equipe econ\u00f4mica para conter gastos e buscar equil\u00edbrio nas contas p\u00fablicas.<\/p>\n\n\n\n<p>Analistas do mercado financeiro apontam que o avan\u00e7o das despesas obrigat\u00f3rias, como benef\u00edcios sociais e gastos previdenci\u00e1rios, somado ao crescimento da m\u00e1quina p\u00fablica, tem dificultado o ajuste fiscal. Ao mesmo tempo, a arrecada\u00e7\u00e3o federal n\u00e3o tem avan\u00e7ado no mesmo ritmo.<\/p>\n\n\n\n<p>O cen\u00e1rio tamb\u00e9m levanta preocupa\u00e7\u00f5es em rela\u00e7\u00e3o \u00e0 trajet\u00f3ria da d\u00edvida p\u00fablica e \u00e0 credibilidade fiscal do pa\u00eds diante de investidores e organismos internacionais.<\/p>\n\n\n\n<p>Desde o in\u00edcio do mandato, o governo federal tem defendido medidas para ampliar a arrecada\u00e7\u00e3o e cumprir metas fiscais. No entanto, os n\u00fameros divulgados pelo Tesouro refor\u00e7am os desafios para alcan\u00e7ar maior equil\u00edbrio or\u00e7ament\u00e1rio nos pr\u00f3ximos meses.<\/p>\n","protected":false},"excerpt":{"rendered":"<p>As contas do Governo Central \u2014 que incluem&nbsp;Tesouro Nacional,&nbsp;Banco Central do Brasil&nbsp;e Previd\u00eancia Social \u2014 fecharam o m\u00eas de mar\u00e7o com d\u00e9ficit prim\u00e1rio de R$ 73,7 bilh\u00f5es. O resultado, divulgado nesta quarta-feira (29), \u00e9 o pior para o m\u00eas desde o in\u00edcio da s\u00e9rie hist\u00f3rica, em 1997. O d\u00e9ficit prim\u00e1rio ocorre quando as despesas do [&hellip;]<\/p>\n","protected":false},"author":2,"featured_media":23130,"comment_status":"open","ping_status":"open","sticky":false,"template":"","format":"standard","meta":[],"categories":[4],"tags":[13],"_links":{"self":[{"href":"https:\/\/dgospel.com.br\/portal\/index.php\/wp-json\/wp\/v2\/posts\/23129"}],"collection":[{"href":"https:\/\/dgospel.com.br\/portal\/index.php\/wp-json\/wp\/v2\/posts"}],"about":[{"href":"https:\/\/dgospel.com.br\/portal\/index.php\/wp-json\/wp\/v2\/types\/post"}],"author":[{"embeddable":true,"href":"https:\/\/dgospel.com.br\/portal\/index.php\/wp-json\/wp\/v2\/users\/2"}],"replies":[{"embeddable":true,"href":"https:\/\/dgospel.com.br\/portal\/index.php\/wp-json\/wp\/v2\/comments?post=23129"}],"version-history":[{"count":1,"href":"https:\/\/dgospel.com.br\/portal\/index.php\/wp-json\/wp\/v2\/posts\/23129\/revisions"}],"predecessor-version":[{"id":23131,"href":"https:\/\/dgospel.com.br\/portal\/index.php\/wp-json\/wp\/v2\/posts\/23129\/revisions\/23131"}],"wp:featuredmedia":[{"embeddable":true,"href":"https:\/\/dgospel.com.br\/portal\/index.php\/wp-json\/wp\/v2\/media\/23130"}],"wp:attachment":[{"href":"https:\/\/dgospel.com.br\/portal\/index.php\/wp-json\/wp\/v2\/media?parent=23129"}],"wp:term":[{"taxonomy":"category","embeddable":true,"href":"https:\/\/dgospel.com.br\/portal\/index.php\/wp-json\/wp\/v2\/categories?post=23129"},{"taxonomy":"post_tag","embeddable":true,"href":"https:\/\/dgospel.com.br\/portal\/index.php\/wp-json\/wp\/v2\/tags?post=23129"}],"curies":[{"name":"wp","href":"https:\/\/api.w.org\/{rel}","templated":true}]}}