{"id":2321,"date":"2019-01-16T16:53:33","date_gmt":"2019-01-16T18:53:33","guid":{"rendered":"http:\/\/dgospel.com.br\/portal\/?p=2321"},"modified":"2019-01-16T16:53:33","modified_gmt":"2019-01-16T18:53:33","slug":"marilon-pede-transparencia-a-nova-diretoria-da-camara-de-palmas","status":"publish","type":"post","link":"https:\/\/dgospel.com.br\/portal\/index.php\/2019\/01\/16\/marilon-pede-transparencia-a-nova-diretoria-da-camara-de-palmas\/","title":{"rendered":"Marilon pede transpar\u00eancia \u00e0 nova diretoria da C\u00e2mara de Palmas"},"content":{"rendered":"<p>O presidente da C\u00e2mara Municipal de Palmas, Marilon Barbosa (PSB), realizou a primeira reuni\u00e3o com a nova diretoria na tarde de segunda-feira, 14. Al\u00e9m de recepcionar com boas-vindas os novos empossados, o presidente pediu comprometimento e transpar\u00eancia no trabalho junto \u00e0 Casa de Leis.<\/p>\n<p>A reuni\u00e3o tratou de temas como a readequa\u00e7\u00e3o do or\u00e7amento, reformas estruturantes, reorganiza\u00e7\u00e3o da Diretoria de Comunica\u00e7\u00e3o, estrat\u00e9gias jur\u00eddicas, processos licitat\u00f3rios em andamento e posse dos aprovados no \u00faltimo concurso p\u00fablico. O presidente solicitou ainda que os novos servidores se empenhem e prezem pela efici\u00eancia e transpar\u00eancia, acima de tudo.<\/p>\n<p>Marilon Barbosa tomou posse como presidente em 31 de dezembro de 2018 e vai liderar os trabalhos legislativos durante o bi\u00eanio de 2019-2020. Al\u00e9m do presidente, tamb\u00e9m integram a nova mesa diretora os vereadores Vandim do Povo (DC), Etinho Nordeste (PTB), Gerson Alves (PSL).<\/p>\n","protected":false},"excerpt":{"rendered":"<p>O presidente da C\u00e2mara Municipal de Palmas, Marilon Barbosa (PSB), realizou a primeira reuni\u00e3o com a nova diretoria na tarde de segunda-feira, 14. Al\u00e9m de recepcionar com boas-vindas os novos empossados, o presidente pediu comprometimento e transpar\u00eancia no trabalho junto \u00e0 Casa de Leis. A reuni\u00e3o tratou de temas como a readequa\u00e7\u00e3o do or\u00e7amento, reformas [&hellip;]<\/p>\n","protected":false},"author":2,"featured_media":2322,"comment_status":"open","ping_status":"open","sticky":false,"template":"","format":"standard","meta":[],"categories":[8,2],"tags":[],"_links":{"self":[{"href":"https:\/\/dgospel.com.br\/portal\/index.php\/wp-json\/wp\/v2\/posts\/2321"}],"collection":[{"href":"https:\/\/dgospel.com.br\/portal\/index.php\/wp-json\/wp\/v2\/posts"}],"about":[{"href":"https:\/\/dgospel.com.br\/portal\/index.php\/wp-json\/wp\/v2\/types\/post"}],"author":[{"embeddable":true,"href":"https:\/\/dgospel.com.br\/portal\/index.php\/wp-json\/wp\/v2\/users\/2"}],"replies":[{"embeddable":true,"href":"https:\/\/dgospel.com.br\/portal\/index.php\/wp-json\/wp\/v2\/comments?post=2321"}],"version-history":[{"count":1,"href":"https:\/\/dgospel.com.br\/portal\/index.php\/wp-json\/wp\/v2\/posts\/2321\/revisions"}],"predecessor-version":[{"id":2323,"href":"https:\/\/dgospel.com.br\/portal\/index.php\/wp-json\/wp\/v2\/posts\/2321\/revisions\/2323"}],"wp:featuredmedia":[{"embeddable":true,"href":"https:\/\/dgospel.com.br\/portal\/index.php\/wp-json\/wp\/v2\/media\/2322"}],"wp:attachment":[{"href":"https:\/\/dgospel.com.br\/portal\/index.php\/wp-json\/wp\/v2\/media?parent=2321"}],"wp:term":[{"taxonomy":"category","embeddable":true,"href":"https:\/\/dgospel.com.br\/portal\/index.php\/wp-json\/wp\/v2\/categories?post=2321"},{"taxonomy":"post_tag","embeddable":true,"href":"https:\/\/dgospel.com.br\/portal\/index.php\/wp-json\/wp\/v2\/tags?post=2321"}],"curies":[{"name":"wp","href":"https:\/\/api.w.org\/{rel}","templated":true}]}}