{"id":2325,"date":"2019-01-16T17:10:12","date_gmt":"2019-01-16T19:10:12","guid":{"rendered":"http:\/\/dgospel.com.br\/portal\/?p=2325"},"modified":"2019-01-16T17:12:08","modified_gmt":"2019-01-16T19:12:08","slug":"cantora-joelma-grava-musica-gospel-em-participacao-especial-no-novo-cd-de-raquel-pereira","status":"publish","type":"post","link":"https:\/\/dgospel.com.br\/portal\/index.php\/2019\/01\/16\/cantora-joelma-grava-musica-gospel-em-participacao-especial-no-novo-cd-de-raquel-pereira\/","title":{"rendered":"Cantora Joelma grava m\u00fasica gospel em participa\u00e7\u00e3o especial no novo CD de Raquel Pereira"},"content":{"rendered":"<p>Joelma Mendes, ex-vocalista da banda Calypso, compartilhou um v\u00eddeo em que ela canta ao lado de Rose Nascimento e Raquel Pereira.<\/p>\n<p>A m\u00fasica gospel escolhida foi\u00a0<em>Sinta Ele A\u00ed<\/em>, de Raquel Pereira, antiga integrante do minist\u00e9rio Ardendo em Fogo. A can\u00e7\u00e3o ser\u00e1 lan\u00e7ada no primeiro CD solo de Raquel.<\/p>\n<p>\u201cNovidade vindo a\u00ed\u201d, afirmou Raquel em uma publica\u00e7\u00e3o em que marcou Joelma e Rose Nascimento. A ex-vocalista do Calypso compartilhou o v\u00eddeo com seus milhares de seguidores no Instagram. \u201cAdorar ao Senhor sempre! Vem novidade pra voc\u00eas\u201d, endossou.<\/p>\n<p>A cantora Rose Nascimento, uma das principais vozes da m\u00fasica pentecostal tamb\u00e9m comentou sobre a grava\u00e7\u00e3o: \u201cNoite aben\u00e7oada por Deus com essas lindas @joelmaareal e @oficialraquelpereira Que Deus aben\u00e7oe esse projeto de voc\u00eas lindas @oficialraquelpereira e @joelmaareal! Amei estar aqui com voc\u00eas nesse momento especial\u00a0\u2764\ufe0f\u00a0\u2018Sinta Ele A\u00ed\u2019\u201d.<\/p>\n<p>Joelma Mendes vinha planejando atuar na m\u00fasica gospel\u00a0<a href=\"https:\/\/noticias.gospelmais.com.br\/divorciada-chimbinha-joelma-dedicar-musica-gospel-78753.html\"><strong>desde o div\u00f3rcio<\/strong><\/a>\u00a0do guitarrista Ximbinha (antigo Chimbinha), em agosto de 2015. Declaradamente evang\u00e9lica, a artista foi filmada participando de uma\u00a0<a href=\"https:\/\/noticias.gospelmais.com.br\/joelma-vigilia-assembleia-canta-louvores-106289.html\"><strong>vig\u00edlia na Assembleia de Deus<\/strong><\/a>\u00a0no Recreio dos Bandeirantes, no Rio de Janeiro.<\/p>\n<p>&nbsp;<\/p>\n<p>Fonte:\u00a0gospelmais<\/p>\n","protected":false},"excerpt":{"rendered":"<p>Joelma Mendes, ex-vocalista da banda Calypso, compartilhou um v\u00eddeo em que ela canta ao lado de Rose Nascimento e Raquel Pereira. A m\u00fasica gospel escolhida foi\u00a0Sinta Ele A\u00ed, de Raquel Pereira, antiga integrante do minist\u00e9rio Ardendo em Fogo. A can\u00e7\u00e3o ser\u00e1 lan\u00e7ada no primeiro CD solo de Raquel. \u201cNovidade vindo a\u00ed\u201d, afirmou Raquel em uma [&hellip;]<\/p>\n","protected":false},"author":2,"featured_media":0,"comment_status":"open","ping_status":"open","sticky":false,"template":"","format":"standard","meta":[],"categories":[2,5,6],"tags":[],"_links":{"self":[{"href":"https:\/\/dgospel.com.br\/portal\/index.php\/wp-json\/wp\/v2\/posts\/2325"}],"collection":[{"href":"https:\/\/dgospel.com.br\/portal\/index.php\/wp-json\/wp\/v2\/posts"}],"about":[{"href":"https:\/\/dgospel.com.br\/portal\/index.php\/wp-json\/wp\/v2\/types\/post"}],"author":[{"embeddable":true,"href":"https:\/\/dgospel.com.br\/portal\/index.php\/wp-json\/wp\/v2\/users\/2"}],"replies":[{"embeddable":true,"href":"https:\/\/dgospel.com.br\/portal\/index.php\/wp-json\/wp\/v2\/comments?post=2325"}],"version-history":[{"count":3,"href":"https:\/\/dgospel.com.br\/portal\/index.php\/wp-json\/wp\/v2\/posts\/2325\/revisions"}],"predecessor-version":[{"id":2329,"href":"https:\/\/dgospel.com.br\/portal\/index.php\/wp-json\/wp\/v2\/posts\/2325\/revisions\/2329"}],"wp:attachment":[{"href":"https:\/\/dgospel.com.br\/portal\/index.php\/wp-json\/wp\/v2\/media?parent=2325"}],"wp:term":[{"taxonomy":"category","embeddable":true,"href":"https:\/\/dgospel.com.br\/portal\/index.php\/wp-json\/wp\/v2\/categories?post=2325"},{"taxonomy":"post_tag","embeddable":true,"href":"https:\/\/dgospel.com.br\/portal\/index.php\/wp-json\/wp\/v2\/tags?post=2325"}],"curies":[{"name":"wp","href":"https:\/\/api.w.org\/{rel}","templated":true}]}}