{"id":2333,"date":"2019-01-21T18:12:02","date_gmt":"2019-01-21T20:12:02","guid":{"rendered":"http:\/\/dgospel.com.br\/portal\/?p=2333"},"modified":"2019-01-21T18:12:02","modified_gmt":"2019-01-21T20:12:02","slug":"forcas-de-seguranca-criam-comissao-de-conselho-comunitario-na-regiao-norte-de-palmas","status":"publish","type":"post","link":"https:\/\/dgospel.com.br\/portal\/index.php\/2019\/01\/21\/forcas-de-seguranca-criam-comissao-de-conselho-comunitario-na-regiao-norte-de-palmas\/","title":{"rendered":"For\u00e7as de seguran\u00e7a criam comiss\u00e3o de conselho comunit\u00e1rio na regi\u00e3o Norte de Palmas"},"content":{"rendered":"<p>A Assessoria de Pol\u00edcia Comunit\u00e1ria, em conjunto com o 1\u00ba Batalh\u00e3o da Pol\u00edcia Militar e a 3\u00aa Delegacia de Pol\u00edcia de Palmas, reuniu-se\u00a0com representantes da regi\u00e3o Norte da Capital, para a discuss\u00e3o de estrat\u00e9gias visando \u00e0 redu\u00e7\u00e3o da viol\u00eancia e criminalidade e a cria\u00e7\u00e3o do Conselho Comunit\u00e1rio de Seguran\u00e7a no local.<\/p>\n<p>O encontro aconteceu na Base Comunit\u00e1ria da 305 Norte, nesta quinta-feira, 17,\u00a0 onde presidentes das quadras da regi\u00e3o apresentaram\u00a0problemas relacionados \u00e0 Seguran\u00e7a P\u00fablica enfrentados por suas comunidades, que exigem a atua\u00e7\u00e3o conjunta da popula\u00e7\u00e3o entre si e com as for\u00e7as de seguran\u00e7a.\u00a0Os trabalhos da Pol\u00edcia Militar na localidade foram apresentados pelo comandante da \u00e1rea Norte da Capital, capit\u00e3o Adhel Munir Miranda de Abreu, que destacou a din\u00e2mica de patrulhamento que otimiza o efetivo policial de acordo com as zonas quentes de criminalidade, propondo a cria\u00e7\u00e3o de Redes Comunit\u00e1rias de Seguran\u00e7as nas Quadras como instrumento de aproxima\u00e7\u00e3o entre a pol\u00edcia e o cidad\u00e3o. Foi definido ainda o papel dos representantes na forma\u00e7\u00e3o dos grupos de atua\u00e7\u00e3o e da \u00a0Pol\u00edcia Militar na metodologia de interven\u00e7\u00e3o, j\u00e1 nos pr\u00f3ximos dias.<\/p>\n<p>O agente de pol\u00edcia Darier Cabral\u00a0representou a Delegacia de Pol\u00edcia local\u00a0com apontamentos sobre os principais crimes inidentes na regi\u00e3o e a participa\u00e7\u00e3o de crian\u00e7as, adolescentes e jovens em diversos tipos penais, ensejando a necessidade de projetos preventivos que os alcancem, colocando o seu trabalho, e o da Pol\u00edcia Civil como um todo, \u00e0 disposi\u00e7\u00e3o da comunidade, atrav\u00e9s de um trabalho educativo em institui\u00e7\u00f5es de ensino e midias eletr\u00f4nicas.<\/p>\n<p>A import\u00e2ncia da atua\u00e7\u00e3o conjunta da sociedade com as for\u00e7as de seguran\u00e7a, estabelecida a partir de um v\u00ednculo de confian\u00e7a, pautou, ainda, os discursos do assessor de pol\u00edcia comunit\u00e1ria, capit\u00e3o Thiago Monteiro, e do delegado de pol\u00edcia Ant\u00f4nio Gon\u00e7alves de Carvalho Neto, que parabenizaram a presen\u00e7a da comunidade e dos servidores estaduais.<\/p>\n<p>No ato, tamb\u00e9m foi apresentada a proposta de cria\u00e7\u00e3o do Conselho Comunit\u00e1rio de Seguran\u00e7a (Conseg) na regi\u00e3o, enquanto instrumento permanente da comunidade, capaz de otimizar o trabalho das for\u00e7as de seguran\u00e7a e de implementar a\u00e7\u00f5es transversais com foco na preven\u00e7\u00e3o social da viol\u00eancia e criminalidade, que foi acatada com unanimidade.<\/p>\n<p>O evento foi encerrado com a distribui\u00e7\u00e3o de material gr\u00e1fico para os presidentes auxiliarem a mobiliza\u00e7\u00e3o de suas comunidades na cria\u00e7\u00e3o do Conseg e a escolha dos membros da comiss\u00e3o eleitoral que conduzir\u00e1 o seu processo de implementa\u00e7\u00e3o. A presid\u00eancia ficou sob respondabilidade do capit\u00e3o Adhel Munir, sendo assessorado pelo agente Darier Cabral e pelos presidentes das Quadras 404 e 407 Norte, Julvan Rodrigues Modesto e \u00a0Jos\u00e9 Alan, respectivamente.<\/p>\n","protected":false},"excerpt":{"rendered":"<p>A Assessoria de Pol\u00edcia Comunit\u00e1ria, em conjunto com o 1\u00ba Batalh\u00e3o da Pol\u00edcia Militar e a 3\u00aa Delegacia de Pol\u00edcia de Palmas, reuniu-se\u00a0com representantes da regi\u00e3o Norte da Capital, para a discuss\u00e3o de estrat\u00e9gias visando \u00e0 redu\u00e7\u00e3o da viol\u00eancia e criminalidade e a cria\u00e7\u00e3o do Conselho Comunit\u00e1rio de Seguran\u00e7a no local. O encontro aconteceu na [&hellip;]<\/p>\n","protected":false},"author":2,"featured_media":2334,"comment_status":"open","ping_status":"open","sticky":false,"template":"","format":"standard","meta":[],"categories":[2,3],"tags":[],"_links":{"self":[{"href":"https:\/\/dgospel.com.br\/portal\/index.php\/wp-json\/wp\/v2\/posts\/2333"}],"collection":[{"href":"https:\/\/dgospel.com.br\/portal\/index.php\/wp-json\/wp\/v2\/posts"}],"about":[{"href":"https:\/\/dgospel.com.br\/portal\/index.php\/wp-json\/wp\/v2\/types\/post"}],"author":[{"embeddable":true,"href":"https:\/\/dgospel.com.br\/portal\/index.php\/wp-json\/wp\/v2\/users\/2"}],"replies":[{"embeddable":true,"href":"https:\/\/dgospel.com.br\/portal\/index.php\/wp-json\/wp\/v2\/comments?post=2333"}],"version-history":[{"count":1,"href":"https:\/\/dgospel.com.br\/portal\/index.php\/wp-json\/wp\/v2\/posts\/2333\/revisions"}],"predecessor-version":[{"id":2335,"href":"https:\/\/dgospel.com.br\/portal\/index.php\/wp-json\/wp\/v2\/posts\/2333\/revisions\/2335"}],"wp:featuredmedia":[{"embeddable":true,"href":"https:\/\/dgospel.com.br\/portal\/index.php\/wp-json\/wp\/v2\/media\/2334"}],"wp:attachment":[{"href":"https:\/\/dgospel.com.br\/portal\/index.php\/wp-json\/wp\/v2\/media?parent=2333"}],"wp:term":[{"taxonomy":"category","embeddable":true,"href":"https:\/\/dgospel.com.br\/portal\/index.php\/wp-json\/wp\/v2\/categories?post=2333"},{"taxonomy":"post_tag","embeddable":true,"href":"https:\/\/dgospel.com.br\/portal\/index.php\/wp-json\/wp\/v2\/tags?post=2333"}],"curies":[{"name":"wp","href":"https:\/\/api.w.org\/{rel}","templated":true}]}}