{"id":2336,"date":"2019-01-22T10:17:18","date_gmt":"2019-01-22T12:17:18","guid":{"rendered":"http:\/\/dgospel.com.br\/portal\/?p=2336"},"modified":"2019-01-22T10:17:18","modified_gmt":"2019-01-22T12:17:18","slug":"governador-carlesse-e-vereadores-da-capital-debatem-regularizacao-fundiaria-de-palmas","status":"publish","type":"post","link":"https:\/\/dgospel.com.br\/portal\/index.php\/2019\/01\/22\/governador-carlesse-e-vereadores-da-capital-debatem-regularizacao-fundiaria-de-palmas\/","title":{"rendered":"Governador Carlesse e vereadores da Capital debatem regulariza\u00e7\u00e3o fundi\u00e1ria de Palmas"},"content":{"rendered":"<p>O governador Mauro Carlesse e o vice-governador Wanderlei Barbosa receberam,\u00a0em audi\u00eancia na tarde desta segunda-feira, 21, no Pal\u00e1cio Araguaia, uma comitiva de vereadores de Palmas, liderados pelo presidente do Legislativo, Marilon Barbosa. A pauta da reuni\u00e3o foi a regulariza\u00e7\u00e3o fundi\u00e1ria de \u00e1reas urbanas da\u00a0Capital.<\/p>\n<p>De acordo com o vereador Milton N\u00e9ris, algumas quadras residenciais e industriais da Capital est\u00e3o impedidas de receberem investimentos em virtude da falta de regulariza\u00e7\u00e3o. \u201cPrecisamos criar uma agenda positiva que envolva o Estado, a Prefeitura, a Assembleia e a C\u00e2mara Municipal para discutir e solucionar esse problema da regulariza\u00e7\u00e3o fundi\u00e1ria em Palmas\u201d, sugeriu.<\/p>\n<p>O vereador e deputado estadual eleito, Ivory de Lira, seguiu a mesma preocupa\u00e7\u00e3o e destacou a necessidade de\u00a0Palmas em\u00a0obras de infraestrutura. O vereador Rog\u00e9rio Freitas alertou que a iniciativa privada tamb\u00e9m \u00e9 prejudicada com a situa\u00e7\u00e3o. \u201cExiste empresa que hoje paga cinco\u00a0alugu\u00e9is, tem cr\u00e9dito aprovado no banco para construir, mas n\u00e3o pode porque a \u00e1rea foi embargada pela Justi\u00e7a\u201d, declarou o vereador Rog\u00e9rio Freitas.<\/p>\n<p>Os vereadores Diogo Fernandes, Juscelino e L\u00e9o Barbosa tamb\u00e9m defenderam a necessidade de uma agenda conjunta para regulariza\u00e7\u00e3o fundi\u00e1ria. \u201c\u00c9 preciso que ainda em 2019 possamos trabalhar forte nesse sentido, pois em 2020 j\u00e1 tem elei\u00e7\u00e3o novamente e a\u00ed vir\u00e3o muitas veda\u00e7\u00f5es que podem atrasar esse trabalho. Palmas precisa da regulariza\u00e7\u00e3o para receber investimentos e crescer\u201d, disse o vereador Diogo Fernandes.<\/p>\n<p>Deputado estadual eleito, o vereador L\u00e9o Barbosa, afirmou que assim que assumir o mandato no Parlamento Estadual, ir\u00e1 apresentar uma proposta para a cria\u00e7\u00e3o de uma comiss\u00e3o estadual de regulariza\u00e7\u00e3o fundi\u00e1ria. \u201cEsse \u00e9 um problema que atrapalha v\u00e1rios munic\u00edpios. Com \u00e1reas regularizadas, os munic\u00edpios ficam em condi\u00e7\u00f5es de receber investimentos e gerar empregos\u201d, disse L\u00e9o Barbosa.<\/p>\n<p>O governador Mauro Carlesse disse que a regulariza\u00e7\u00e3o fundi\u00e1ria \u00e9 uma das preocupa\u00e7\u00f5es da gest\u00e3o e revelou aos vereadores que o Governo vem trabalhando na solu\u00e7\u00e3o de v\u00e1rias quest\u00f5es relativas \u00e0 regulariza\u00e7\u00e3o fundi\u00e1ria. O governador afirmou que j\u00e1 existe a determina\u00e7\u00e3o para que as pastas desta \u00e1rea agilizem os procedimentos que cabem ao Estado visando a solu\u00e7\u00e3o dessas quest\u00f5es. O governador tamb\u00e9m relembrou que mesmo em pouco tempo no Governo, priorizou a continuidade de obras na Capital. \u201cEstamos finalizando a NS-15, vamos retomar as obras das casas do Taquari e tamb\u00e9m continuar o asfalto. \u00c9 um trabalho que estamos empenhados em concluir\u201d, finalizou o governador.<\/p>\n<p><strong>Presentes<\/strong><\/p>\n<p>Os vereadores Marilon Barbosa, Rog\u00e9rio Freitas, Felipe Fernandes, Filipe Martins, Juscelino, H\u00e9lio da Civil, Moisemar, Claudemir Portugal, Milton N\u00e9ris, Diogo Fernandes, Vandinho da Cer\u00e2mica, Ivory de Lira e L\u00facio Campelo participaram da audi\u00eancia com o governador.<\/p>\n","protected":false},"excerpt":{"rendered":"<p>O governador Mauro Carlesse e o vice-governador Wanderlei Barbosa receberam,\u00a0em audi\u00eancia na tarde desta segunda-feira, 21, no Pal\u00e1cio Araguaia, uma comitiva de vereadores de Palmas, liderados pelo presidente do Legislativo, Marilon Barbosa. A pauta da reuni\u00e3o foi a regulariza\u00e7\u00e3o fundi\u00e1ria de \u00e1reas urbanas da\u00a0Capital. De acordo com o vereador Milton N\u00e9ris, algumas quadras residenciais e [&hellip;]<\/p>\n","protected":false},"author":2,"featured_media":2337,"comment_status":"open","ping_status":"open","sticky":false,"template":"","format":"standard","meta":[],"categories":[8,2,4],"tags":[],"_links":{"self":[{"href":"https:\/\/dgospel.com.br\/portal\/index.php\/wp-json\/wp\/v2\/posts\/2336"}],"collection":[{"href":"https:\/\/dgospel.com.br\/portal\/index.php\/wp-json\/wp\/v2\/posts"}],"about":[{"href":"https:\/\/dgospel.com.br\/portal\/index.php\/wp-json\/wp\/v2\/types\/post"}],"author":[{"embeddable":true,"href":"https:\/\/dgospel.com.br\/portal\/index.php\/wp-json\/wp\/v2\/users\/2"}],"replies":[{"embeddable":true,"href":"https:\/\/dgospel.com.br\/portal\/index.php\/wp-json\/wp\/v2\/comments?post=2336"}],"version-history":[{"count":1,"href":"https:\/\/dgospel.com.br\/portal\/index.php\/wp-json\/wp\/v2\/posts\/2336\/revisions"}],"predecessor-version":[{"id":2338,"href":"https:\/\/dgospel.com.br\/portal\/index.php\/wp-json\/wp\/v2\/posts\/2336\/revisions\/2338"}],"wp:featuredmedia":[{"embeddable":true,"href":"https:\/\/dgospel.com.br\/portal\/index.php\/wp-json\/wp\/v2\/media\/2337"}],"wp:attachment":[{"href":"https:\/\/dgospel.com.br\/portal\/index.php\/wp-json\/wp\/v2\/media?parent=2336"}],"wp:term":[{"taxonomy":"category","embeddable":true,"href":"https:\/\/dgospel.com.br\/portal\/index.php\/wp-json\/wp\/v2\/categories?post=2336"},{"taxonomy":"post_tag","embeddable":true,"href":"https:\/\/dgospel.com.br\/portal\/index.php\/wp-json\/wp\/v2\/tags?post=2336"}],"curies":[{"name":"wp","href":"https:\/\/api.w.org\/{rel}","templated":true}]}}