{"id":2342,"date":"2019-01-22T10:28:38","date_gmt":"2019-01-22T12:28:38","guid":{"rendered":"http:\/\/dgospel.com.br\/portal\/?p=2342"},"modified":"2019-01-22T10:28:38","modified_gmt":"2019-01-22T12:28:38","slug":"secretaria-nacional-de-missoes-da-cgadb-participa-da-31-a-ago-da-comadesma","status":"publish","type":"post","link":"https:\/\/dgospel.com.br\/portal\/index.php\/2019\/01\/22\/secretaria-nacional-de-missoes-da-cgadb-participa-da-31-a-ago-da-comadesma\/","title":{"rendered":"Secretaria Nacional de Miss\u00f5es da CGADB participa da 31 \u00aa AGO da COMADESMA"},"content":{"rendered":"<p>Entre os dias 9 e 13 de janeiro, na cidade de Estreito (MA), aconteceu a\u00a0<em>31\u00aa Assembleia Geral Ordin\u00e1ria da COMADESMA<\/em>\u00a0&#8211; Conven\u00e7\u00e3o dos Ministros das Igrejas Evang\u00e9licas Assembleias de Deus do SETA (Servi\u00e7o de<br \/>\nEvangeliza\u00e7\u00e3o Trabalho e A\u00e7\u00e3o) no Maranh\u00e3o, com a presen\u00e7a de ministros do Evangelho de diversas cidades de 14 estados da Confedera\u00e7\u00e3o.<\/p>\n<p>O pastor Gerson de Macedo Brito e sua esposa\u00a0Ecy Oliveira de Macedo foram os anfitri\u00f5es do evento, hospedado no templo da Assembleia de Deus de Estreito.<\/p>\n<p>A\u00a0<em>Secretaria Nacional de Miss\u00f5es (Senami) da Conven\u00e7\u00e3o Geral (CGADB)<\/em>, por interm\u00e9dio de seu secret\u00e1rio executivo, pastor Saulo Greg\u00f3rio, na oportunidade representando o pastor Wellington J\u00fanior, presidente da CGADB, participou e prestou contas sobre os trabalhos de promo\u00e7\u00e3o das atividades mission\u00e1rias da Assembleia de Deus, em especial, desenvolvido pela Senami em 2018.<\/p>\n<p>Ele falou ainda sobre a campanha do<em>\u00a0Dia Nacional de Miss\u00f5es<\/em>\u00a0e compartilhou que est\u00e1 aberto o per\u00edodo para que as secretarias regionais de miss\u00f5es de todo o Brasil enviem seus pedidos de apoio financeiro para projetos mission\u00e1rios. O prazo vai de 10 janeiro a 10 de fevereiro e as solicita\u00e7\u00f5es podem ser enviadas para o e-mail: projetos@senami.com.br.<\/p>\n<p>Na oportunidade, houve ainda a apresenta\u00e7\u00e3o dos coordenadores que representar\u00e3o a Senami junto a COMADESMA. S\u00e3o eles, pastor Ant\u00f4nio J\u00fanior \u2013 A\u00e7ailandia \u2013 MA; pastor Francisco Ramos e pastor Elias de Oliveira, ambos de Imperatriz (MA).<\/p>\n<p>&nbsp;<\/p>\n<p><strong>Fonte e foto: SENAMI<\/strong><\/p>\n","protected":false},"excerpt":{"rendered":"<p>Entre os dias 9 e 13 de janeiro, na cidade de Estreito (MA), aconteceu a\u00a031\u00aa Assembleia Geral Ordin\u00e1ria da COMADESMA\u00a0&#8211; Conven\u00e7\u00e3o dos Ministros das Igrejas Evang\u00e9licas Assembleias de Deus do SETA (Servi\u00e7o de Evangeliza\u00e7\u00e3o Trabalho e A\u00e7\u00e3o) no Maranh\u00e3o, com a presen\u00e7a de ministros do Evangelho de diversas cidades de 14 estados da Confedera\u00e7\u00e3o. O [&hellip;]<\/p>\n","protected":false},"author":2,"featured_media":2343,"comment_status":"open","ping_status":"open","sticky":false,"template":"","format":"standard","meta":[],"categories":[2,5],"tags":[],"_links":{"self":[{"href":"https:\/\/dgospel.com.br\/portal\/index.php\/wp-json\/wp\/v2\/posts\/2342"}],"collection":[{"href":"https:\/\/dgospel.com.br\/portal\/index.php\/wp-json\/wp\/v2\/posts"}],"about":[{"href":"https:\/\/dgospel.com.br\/portal\/index.php\/wp-json\/wp\/v2\/types\/post"}],"author":[{"embeddable":true,"href":"https:\/\/dgospel.com.br\/portal\/index.php\/wp-json\/wp\/v2\/users\/2"}],"replies":[{"embeddable":true,"href":"https:\/\/dgospel.com.br\/portal\/index.php\/wp-json\/wp\/v2\/comments?post=2342"}],"version-history":[{"count":1,"href":"https:\/\/dgospel.com.br\/portal\/index.php\/wp-json\/wp\/v2\/posts\/2342\/revisions"}],"predecessor-version":[{"id":2344,"href":"https:\/\/dgospel.com.br\/portal\/index.php\/wp-json\/wp\/v2\/posts\/2342\/revisions\/2344"}],"wp:featuredmedia":[{"embeddable":true,"href":"https:\/\/dgospel.com.br\/portal\/index.php\/wp-json\/wp\/v2\/media\/2343"}],"wp:attachment":[{"href":"https:\/\/dgospel.com.br\/portal\/index.php\/wp-json\/wp\/v2\/media?parent=2342"}],"wp:term":[{"taxonomy":"category","embeddable":true,"href":"https:\/\/dgospel.com.br\/portal\/index.php\/wp-json\/wp\/v2\/categories?post=2342"},{"taxonomy":"post_tag","embeddable":true,"href":"https:\/\/dgospel.com.br\/portal\/index.php\/wp-json\/wp\/v2\/tags?post=2342"}],"curies":[{"name":"wp","href":"https:\/\/api.w.org\/{rel}","templated":true}]}}