{"id":2354,"date":"2019-01-22T11:31:31","date_gmt":"2019-01-22T13:31:31","guid":{"rendered":"http:\/\/dgospel.com.br\/portal\/?p=2354"},"modified":"2019-01-22T11:31:31","modified_gmt":"2019-01-22T13:31:31","slug":"dudu-camargo-agora-evangelico-diz-ter-vergonha-do-passado","status":"publish","type":"post","link":"https:\/\/dgospel.com.br\/portal\/index.php\/2019\/01\/22\/dudu-camargo-agora-evangelico-diz-ter-vergonha-do-passado\/","title":{"rendered":"Dudu Camargo, agora evang\u00e9lico, diz ter vergonha do passado"},"content":{"rendered":"<p>H\u00e1 dois anos Dudu Camargo frequenta a\u00a0Igreja Universal\u00a0do Reino de Deus. Agora evang\u00e9lico, o apresentador do jornal Primeiro Impacto, do\u00a0SBT, revela ter vergonha de seu passado.<\/p>\n<p>\u201cEu tenho vergonha de pegar um v\u00eddeo antigo meu e ver as coisas que eu fazia. Claro que eu fiquei muito feliz com o resultado da minha estreia, mas era outra pessoa naquela \u00e9poca. Eu percebo minha mudan\u00e7a, e o p\u00fablico tamb\u00e9m\u201d, admite o apresentador.<\/p>\n<p>Dudu foi a sensa\u00e7\u00e3o do jornalismo do\u00a0<strong><a href=\"https:\/\/folhagospel.com\/patricia-abravanel-faz-oracao-por-funcionarios-na-festa-do-sbt\/\" target=\"_blank\" rel=\"noreferrer noopener\" aria-label=\"SBT (opens in a new tab)\">SBT<\/a><\/strong>, emissora onde come\u00e7ou sua carreira em 12 de outubro de 2016. No entanto, por conta de algumas atitudes, ele acabou conquistando inimizades dentro e fora da emissora, chegando at\u00e9 a ser considerado como uma das pessoas mais detest\u00e1veis da televis\u00e3o nacional, segundo informa o Not\u00edcias da TV.<\/p>\n<p>Dudu Camargo conta que demorou para conquistar o respeito da equipe por ser muito jovem. Ele estreou na televis\u00e3o com apenas 18 anos e j\u00e1 no comando do noticioso matinal.<\/p>\n<p><ins class=\"adsbygoogle\" data-ad-format=\"fluid\" data-ad-layout=\"in-article\" data-ad-client=\"ca-pub-0955122943716801\" data-ad-slot=\"5288422060\" data-adsbygoogle-status=\"done\"><ins id=\"aswift_2_expand\"><ins id=\"aswift_2_anchor\"><\/ins><\/ins><\/ins>Hoje Dudu Camargo diz que \u00e9 outra pessoa. O motivo \u00e9 sua nova f\u00e9. O apresentador que frequenta a igreja liderada por\u00a0<strong><a href=\"https:\/\/folhagospel.com\/haddad-e-condenado-a-pagar-r-79-mil-a-edir-macedo\/\" target=\"_blank\" rel=\"noreferrer noopener\" aria-label=\" (opens in a new tab)\">Edir Macedo<\/a><\/strong>\u00a0admite que cometeu exageros no passado. Dentre as situa\u00e7\u00f5es constrangedoras que protagonizou est\u00e3o a falsa not\u00edcia da \u201cgr\u00e1vida de Taubat\u00e9\u201d e as dan\u00e7as com\u00a0<em>striptease<\/em>\u00a0que fazia quando n\u00e3o tinha nenhuma not\u00edcia para dar.<\/p>\n<p>Em sua nova vida, Dudu diz que n\u00e3o deixa de ler a B\u00edblia enquanto espera o hor\u00e1rio de o programa ir ao ar. Cerca de 20 minutos antes de entrar ao vivo, ele se isola em seu camarim e pede para n\u00e3o ser interrompido. Nesses momentos, ele medita e faz ora\u00e7\u00f5es em voz alta.<\/p>\n<p>\u201cAt\u00e9 mesmo no programa eu demonstro a minha f\u00e9. J\u00e1 abri o programa sugerindo para as pessoas colocarem os problemas nas m\u00e3os de Deus\u201d. Do come\u00e7o para hoje, Dudu Camargo diz que evoluiu muito. Pela f\u00e9 e por sua nova postura.<\/p>\n<p><strong>Fonte: Guia-me<\/strong><\/p>\n","protected":false},"excerpt":{"rendered":"<p>H\u00e1 dois anos Dudu Camargo frequenta a\u00a0Igreja Universal\u00a0do Reino de Deus. Agora evang\u00e9lico, o apresentador do jornal Primeiro Impacto, do\u00a0SBT, revela ter vergonha de seu passado. \u201cEu tenho vergonha de pegar um v\u00eddeo antigo meu e ver as coisas que eu fazia. Claro que eu fiquei muito feliz com o resultado da minha estreia, mas [&hellip;]<\/p>\n","protected":false},"author":2,"featured_media":2355,"comment_status":"open","ping_status":"open","sticky":false,"template":"","format":"standard","meta":[],"categories":[5,6],"tags":[],"_links":{"self":[{"href":"https:\/\/dgospel.com.br\/portal\/index.php\/wp-json\/wp\/v2\/posts\/2354"}],"collection":[{"href":"https:\/\/dgospel.com.br\/portal\/index.php\/wp-json\/wp\/v2\/posts"}],"about":[{"href":"https:\/\/dgospel.com.br\/portal\/index.php\/wp-json\/wp\/v2\/types\/post"}],"author":[{"embeddable":true,"href":"https:\/\/dgospel.com.br\/portal\/index.php\/wp-json\/wp\/v2\/users\/2"}],"replies":[{"embeddable":true,"href":"https:\/\/dgospel.com.br\/portal\/index.php\/wp-json\/wp\/v2\/comments?post=2354"}],"version-history":[{"count":1,"href":"https:\/\/dgospel.com.br\/portal\/index.php\/wp-json\/wp\/v2\/posts\/2354\/revisions"}],"predecessor-version":[{"id":2356,"href":"https:\/\/dgospel.com.br\/portal\/index.php\/wp-json\/wp\/v2\/posts\/2354\/revisions\/2356"}],"wp:featuredmedia":[{"embeddable":true,"href":"https:\/\/dgospel.com.br\/portal\/index.php\/wp-json\/wp\/v2\/media\/2355"}],"wp:attachment":[{"href":"https:\/\/dgospel.com.br\/portal\/index.php\/wp-json\/wp\/v2\/media?parent=2354"}],"wp:term":[{"taxonomy":"category","embeddable":true,"href":"https:\/\/dgospel.com.br\/portal\/index.php\/wp-json\/wp\/v2\/categories?post=2354"},{"taxonomy":"post_tag","embeddable":true,"href":"https:\/\/dgospel.com.br\/portal\/index.php\/wp-json\/wp\/v2\/tags?post=2354"}],"curies":[{"name":"wp","href":"https:\/\/api.w.org\/{rel}","templated":true}]}}