{"id":2357,"date":"2019-01-22T12:21:16","date_gmt":"2019-01-22T14:21:16","guid":{"rendered":"http:\/\/dgospel.com.br\/portal\/?p=2357"},"modified":"2019-01-22T12:21:16","modified_gmt":"2019-01-22T14:21:16","slug":"governo-realiza-melhorias-estruturais-na-central-de-armazenamento-e-distribuicao-estadual-de-imunobiologicos","status":"publish","type":"post","link":"https:\/\/dgospel.com.br\/portal\/index.php\/2019\/01\/22\/governo-realiza-melhorias-estruturais-na-central-de-armazenamento-e-distribuicao-estadual-de-imunobiologicos\/","title":{"rendered":"Governo realiza melhorias estruturais na Central de Armazenamento e Distribui\u00e7\u00e3o Estadual  de Imunobiol\u00f3gicos"},"content":{"rendered":"<p>O Governo do Tocantins, por meio da Secretaria de Sa\u00fade (SES), realiza obra de\u00a0reforma e adequa\u00e7\u00e3o da Central\u00a0de Armazenamento e Distribui\u00e7\u00e3o Estadual\u00a0 de Imunobiol\u00f3gicos &#8211; Rede Frio, em Palmas.\u00a0A obra or\u00e7ada em\u00a0R$1.362.580,88 \u00e9 o resultado de constante esfor\u00e7os no sentido de promover constru\u00e7\u00f5es, amplia\u00e7\u00f5es e adequa\u00e7\u00f5es necess\u00e1rias aos servi\u00e7os de sa\u00fade. Os recursos s\u00e3o\u00a0oriundos de repasse federal e contrapartida do Governo do Estado.<\/p>\n<p>A\u00a0Central\u00a0 Estadual\u00a0 de Armazenamento\u00a0e Distribui\u00e7\u00e3o de Imunobiol\u00f3gicos em Palmas contar\u00e1 com um novo local, com espa\u00e7o ampliado para a\u00a0c\u00e2mara fria e refrigerada\u00a0\u00a0que armazenam as vacinas, soros e imunoglobulinas que s\u00e3o distribu\u00eddas para todo o Estado. Em uma \u00e1rea de mais de 1.400 metros quadrados est\u00e3o previstas, de\u00a0acordo com o setor da Engenharia da Secretaria, reformas em pisos, revestimento, forro, divis\u00f3rias, cobertura, instala\u00e7\u00f5es el\u00e9tricas, hidr\u00e1ulica, banheiros e demais depend\u00eancias.<\/p>\n<p>A\u00a0c\u00e2mara fria \u00e9 o local que permitem uma\u00a0cadeia de frio eficiente, que compreende o armazenamento, conserva\u00e7\u00e3o, distribui\u00e7\u00e3o, transporte e manipula\u00e7\u00e3o das vacinas, dando maior precis\u00e3o no ajuste da temperatura, garantindo assim a manuten\u00e7\u00e3o dos produtos em condi\u00e7\u00f5es adequadas de conserva\u00e7\u00e3o.<\/p>\n<p>As cidades de Gurupi e Aragua\u00edna tamb\u00e9m ser\u00e3o contempladas com investimentos para a constru\u00e7\u00e3o dos pr\u00e9dios da Central Regional de\u00a0 Armazenamento Distribui\u00e7\u00e3o de Imunobiol\u00f3gicos nestas cidades, ambos com \u00e1rea de 447 metros quadrados, estando na fase de licita\u00e7\u00e3o.<\/p>\n<p>Para a enfermeira respons\u00e1vel pelo setor de Imuniza\u00e7\u00e3o da SES,\u00a0Ros\u00e2ngela\u00a0Guimar\u00e3es, a obra ir\u00e1 fortalecer o servi\u00e7o e vem melhorar a estrutura, com espa\u00e7o maior, dando suporte no fluxo de acordo com as normativas do Minist\u00e9rio da Sa\u00fade. \u201cA nova estrutura ir\u00e1 melhorar a capacidade instalada, pois\u00a0os imunobiol\u00f3gicos s\u00e3o produtos termol\u00e1beis, ou seja, s\u00e3o produtos que podem se alterar ou se transformar quando expostos a varia\u00e7\u00f5es da temperatura, raz\u00e3o pela qual \u00e9 indispens\u00e1vel mant\u00ea-los em condi\u00e7\u00f5es capazes de preservar as caracter\u00edsticas de produ\u00e7\u00e3o at\u00e9 o momento da aplica\u00e7\u00e3o na popula\u00e7\u00e3o alvo, de modo a garantir a prote\u00e7\u00e3o preconizada. Para tanto, \u00e9 fundamental uma rede de frio estruturada desde o laborat\u00f3rio produtor at\u00e9 a sala de vacina\u00e7\u00e3o\u201d, destacou.<\/p>\n","protected":false},"excerpt":{"rendered":"<p>O Governo do Tocantins, por meio da Secretaria de Sa\u00fade (SES), realiza obra de\u00a0reforma e adequa\u00e7\u00e3o da Central\u00a0de Armazenamento e Distribui\u00e7\u00e3o Estadual\u00a0 de Imunobiol\u00f3gicos &#8211; Rede Frio, em Palmas.\u00a0A obra or\u00e7ada em\u00a0R$1.362.580,88 \u00e9 o resultado de constante esfor\u00e7os no sentido de promover constru\u00e7\u00f5es, amplia\u00e7\u00f5es e adequa\u00e7\u00f5es necess\u00e1rias aos servi\u00e7os de sa\u00fade. Os recursos s\u00e3o\u00a0oriundos de [&hellip;]<\/p>\n","protected":false},"author":2,"featured_media":2358,"comment_status":"open","ping_status":"open","sticky":false,"template":"","format":"standard","meta":[],"categories":[3],"tags":[],"_links":{"self":[{"href":"https:\/\/dgospel.com.br\/portal\/index.php\/wp-json\/wp\/v2\/posts\/2357"}],"collection":[{"href":"https:\/\/dgospel.com.br\/portal\/index.php\/wp-json\/wp\/v2\/posts"}],"about":[{"href":"https:\/\/dgospel.com.br\/portal\/index.php\/wp-json\/wp\/v2\/types\/post"}],"author":[{"embeddable":true,"href":"https:\/\/dgospel.com.br\/portal\/index.php\/wp-json\/wp\/v2\/users\/2"}],"replies":[{"embeddable":true,"href":"https:\/\/dgospel.com.br\/portal\/index.php\/wp-json\/wp\/v2\/comments?post=2357"}],"version-history":[{"count":1,"href":"https:\/\/dgospel.com.br\/portal\/index.php\/wp-json\/wp\/v2\/posts\/2357\/revisions"}],"predecessor-version":[{"id":2359,"href":"https:\/\/dgospel.com.br\/portal\/index.php\/wp-json\/wp\/v2\/posts\/2357\/revisions\/2359"}],"wp:featuredmedia":[{"embeddable":true,"href":"https:\/\/dgospel.com.br\/portal\/index.php\/wp-json\/wp\/v2\/media\/2358"}],"wp:attachment":[{"href":"https:\/\/dgospel.com.br\/portal\/index.php\/wp-json\/wp\/v2\/media?parent=2357"}],"wp:term":[{"taxonomy":"category","embeddable":true,"href":"https:\/\/dgospel.com.br\/portal\/index.php\/wp-json\/wp\/v2\/categories?post=2357"},{"taxonomy":"post_tag","embeddable":true,"href":"https:\/\/dgospel.com.br\/portal\/index.php\/wp-json\/wp\/v2\/tags?post=2357"}],"curies":[{"name":"wp","href":"https:\/\/api.w.org\/{rel}","templated":true}]}}