{"id":2360,"date":"2019-01-22T12:39:37","date_gmt":"2019-01-22T14:39:37","guid":{"rendered":"http:\/\/dgospel.com.br\/portal\/?p=2360"},"modified":"2019-01-22T12:39:37","modified_gmt":"2019-01-22T14:39:37","slug":"criminosos-invadem-creche-amarram-vigia-e-fogem-levando-carro-e-televisores","status":"publish","type":"post","link":"https:\/\/dgospel.com.br\/portal\/index.php\/2019\/01\/22\/criminosos-invadem-creche-amarram-vigia-e-fogem-levando-carro-e-televisores\/","title":{"rendered":"Criminosos invadem creche, amarram vigia e fogem levando carro e televisores"},"content":{"rendered":"<p class=\"content-textcontainer\" style=\"margin: 0cm; margin-bottom: .0001pt; background: white; vertical-align: baseline;\"><span style=\"font-family: 'Arial','sans-serif';\">O Cmei Crian\u00e7a Feliz, no Setor Santa F\u00e9 II, foi alvo de criminosos na noite desta segunda-feira (21) por volta das 20h30. Segundo a Secretaria Municipal de Educa\u00e7\u00e3o, o vigia noturno da unidade foi rendido e os suspeitos levaram seis televisores, um micro-ondas e uma caixa de som. Tamb\u00e9m foram roubados o celular e o carro do funcion\u00e1rio.<\/span><\/p>\n<p class=\"content-textcontainer\" style=\"margin: 0cm; margin-bottom: .0001pt; background: white; vertical-align: baseline; box-sizing: inherit;\" data-track-category=\"Link no Texto\" data-track-links=\"\"><span style=\"font-family: 'Arial','sans-serif';\">Ainda segundo a Prefeitura de Palmas, as c\u00e2meras de seguran\u00e7a registraram a a\u00e7\u00e3o criminosa e as imagens ser\u00e3o repassadas \u00e0 pol\u00edcia para ajudar nas investiga\u00e7\u00f5es. O vigia foi encontrado amarrado, mas n\u00e3o sofreu nenhuma agress\u00e3o.<\/span><\/p>\n<p class=\"content-textcontainer\" style=\"margin: 0cm; margin-bottom: .0001pt; background: white; vertical-align: baseline; box-sizing: inherit;\" data-track-category=\"Link no Texto\" data-track-links=\"\"><span style=\"font-family: 'Arial','sans-serif';\">Logo ap\u00f3s o crime, a Pol\u00edcia Militar e a Guarda Metropolitana foram chamadas, mas ningu\u00e9m foi preso at\u00e9 o momento. A Pol\u00edcia Civil informou que o caso ainda n\u00e3o foi registrado.<\/span><\/p>\n<p data-track-category=\"Link no Texto\" data-track-links=\"\">\n<p data-track-category=\"Link no Texto\" data-track-links=\"\">Fonte:\u00a0G1 Tocantins<\/p>\n","protected":false},"excerpt":{"rendered":"<p>O Cmei Crian\u00e7a Feliz, no Setor Santa F\u00e9 II, foi alvo de criminosos na noite desta segunda-feira (21) por volta das 20h30. Segundo a Secretaria Municipal de Educa\u00e7\u00e3o, o vigia noturno da unidade foi rendido e os suspeitos levaram seis televisores, um micro-ondas e uma caixa de som. Tamb\u00e9m foram roubados o celular e o [&hellip;]<\/p>\n","protected":false},"author":2,"featured_media":2361,"comment_status":"open","ping_status":"open","sticky":false,"template":"","format":"standard","meta":[],"categories":[3],"tags":[],"_links":{"self":[{"href":"https:\/\/dgospel.com.br\/portal\/index.php\/wp-json\/wp\/v2\/posts\/2360"}],"collection":[{"href":"https:\/\/dgospel.com.br\/portal\/index.php\/wp-json\/wp\/v2\/posts"}],"about":[{"href":"https:\/\/dgospel.com.br\/portal\/index.php\/wp-json\/wp\/v2\/types\/post"}],"author":[{"embeddable":true,"href":"https:\/\/dgospel.com.br\/portal\/index.php\/wp-json\/wp\/v2\/users\/2"}],"replies":[{"embeddable":true,"href":"https:\/\/dgospel.com.br\/portal\/index.php\/wp-json\/wp\/v2\/comments?post=2360"}],"version-history":[{"count":1,"href":"https:\/\/dgospel.com.br\/portal\/index.php\/wp-json\/wp\/v2\/posts\/2360\/revisions"}],"predecessor-version":[{"id":2362,"href":"https:\/\/dgospel.com.br\/portal\/index.php\/wp-json\/wp\/v2\/posts\/2360\/revisions\/2362"}],"wp:featuredmedia":[{"embeddable":true,"href":"https:\/\/dgospel.com.br\/portal\/index.php\/wp-json\/wp\/v2\/media\/2361"}],"wp:attachment":[{"href":"https:\/\/dgospel.com.br\/portal\/index.php\/wp-json\/wp\/v2\/media?parent=2360"}],"wp:term":[{"taxonomy":"category","embeddable":true,"href":"https:\/\/dgospel.com.br\/portal\/index.php\/wp-json\/wp\/v2\/categories?post=2360"},{"taxonomy":"post_tag","embeddable":true,"href":"https:\/\/dgospel.com.br\/portal\/index.php\/wp-json\/wp\/v2\/tags?post=2360"}],"curies":[{"name":"wp","href":"https:\/\/api.w.org\/{rel}","templated":true}]}}