{"id":2363,"date":"2019-01-22T17:15:30","date_gmt":"2019-01-22T19:15:30","guid":{"rendered":"http:\/\/dgospel.com.br\/portal\/?p=2363"},"modified":"2019-01-22T17:15:30","modified_gmt":"2019-01-22T19:15:30","slug":"onibus-que-faria-trajeto-de-palmas-a-itapiratins-tomba-pelo-menos-10-pessoas-ficam-feridas","status":"publish","type":"post","link":"https:\/\/dgospel.com.br\/portal\/index.php\/2019\/01\/22\/onibus-que-faria-trajeto-de-palmas-a-itapiratins-tomba-pelo-menos-10-pessoas-ficam-feridas\/","title":{"rendered":"\u00d4nibus que faria trajeto de Palmas \u00e0 Itapiratins tomba; pelo menos 10 pessoas ficam feridas"},"content":{"rendered":"<p>Pelo menos 10 pessoas ficaram feridas ap\u00f3s um \u00f4nibus se envolver em um acidente de tr\u00e2nsito nessa ter\u00e7a-feira (22). Segundo a Pol\u00edcia Rodovi\u00e1ria Federal (PRF), o acidente aconteceu na BR-153, em Para\u00edso do Tocantins, na regi\u00e3o central do estado. A pol\u00edcia informou que o ve\u00edculo tombou e saiu da pista ap\u00f3s um pneu do ve\u00edculo estourar.<\/p>\n<p data-track-category=\"Link no Texto\" data-track-links=\"\">O \u00f4nibus faz parte da empresa Tocantins Transportes e faria o trajeto de Palmas \u00e0 Itapiratins.<\/p>\n<p data-track-category=\"Link no Texto\" data-track-links=\"\">O corpo de bombeiros informou que socorreu tr\u00eas v\u00edtimas. O Servi\u00e7o de Atendimento M\u00f3vel de Urg\u00eancia (SAMU) levou outras pessoas ao hospital e a PRF tamb\u00e9m ajudou nos resgates.<\/p>\n<p data-track-category=\"Link no Texto\" data-track-links=\"\">As v\u00edtimas foram levadas ao Hospital Regional de Para\u00edso, tr\u00eas delas com ferimentos graves.<\/p>\n<p data-track-category=\"Link no Texto\" data-track-links=\"\">A empresa informou que o motorista est\u00e1 bem, mas n\u00e3o deu informa\u00e7\u00f5es sobre a seguran\u00e7a dos passageiros e o trajeto.<\/p>\n<p>Fonte:\u00a0G1 Tocantins<\/p>\n","protected":false},"excerpt":{"rendered":"<p>Pelo menos 10 pessoas ficaram feridas ap\u00f3s um \u00f4nibus se envolver em um acidente de tr\u00e2nsito nessa ter\u00e7a-feira (22). Segundo a Pol\u00edcia Rodovi\u00e1ria Federal (PRF), o acidente aconteceu na BR-153, em Para\u00edso do Tocantins, na regi\u00e3o central do estado. A pol\u00edcia informou que o ve\u00edculo tombou e saiu da pista ap\u00f3s um pneu do ve\u00edculo [&hellip;]<\/p>\n","protected":false},"author":2,"featured_media":2364,"comment_status":"open","ping_status":"open","sticky":false,"template":"","format":"standard","meta":[],"categories":[2,3],"tags":[],"_links":{"self":[{"href":"https:\/\/dgospel.com.br\/portal\/index.php\/wp-json\/wp\/v2\/posts\/2363"}],"collection":[{"href":"https:\/\/dgospel.com.br\/portal\/index.php\/wp-json\/wp\/v2\/posts"}],"about":[{"href":"https:\/\/dgospel.com.br\/portal\/index.php\/wp-json\/wp\/v2\/types\/post"}],"author":[{"embeddable":true,"href":"https:\/\/dgospel.com.br\/portal\/index.php\/wp-json\/wp\/v2\/users\/2"}],"replies":[{"embeddable":true,"href":"https:\/\/dgospel.com.br\/portal\/index.php\/wp-json\/wp\/v2\/comments?post=2363"}],"version-history":[{"count":1,"href":"https:\/\/dgospel.com.br\/portal\/index.php\/wp-json\/wp\/v2\/posts\/2363\/revisions"}],"predecessor-version":[{"id":2365,"href":"https:\/\/dgospel.com.br\/portal\/index.php\/wp-json\/wp\/v2\/posts\/2363\/revisions\/2365"}],"wp:featuredmedia":[{"embeddable":true,"href":"https:\/\/dgospel.com.br\/portal\/index.php\/wp-json\/wp\/v2\/media\/2364"}],"wp:attachment":[{"href":"https:\/\/dgospel.com.br\/portal\/index.php\/wp-json\/wp\/v2\/media?parent=2363"}],"wp:term":[{"taxonomy":"category","embeddable":true,"href":"https:\/\/dgospel.com.br\/portal\/index.php\/wp-json\/wp\/v2\/categories?post=2363"},{"taxonomy":"post_tag","embeddable":true,"href":"https:\/\/dgospel.com.br\/portal\/index.php\/wp-json\/wp\/v2\/tags?post=2363"}],"curies":[{"name":"wp","href":"https:\/\/api.w.org\/{rel}","templated":true}]}}