{"id":2366,"date":"2019-01-22T17:57:02","date_gmt":"2019-01-22T19:57:02","guid":{"rendered":"http:\/\/dgospel.com.br\/portal\/?p=2366"},"modified":"2019-01-22T17:57:26","modified_gmt":"2019-01-22T19:57:26","slug":"adequacoes-prediais-nas-unidades-do-sine-devem-gerar-economia-anual-de-mais-de-r-12-milhao","status":"publish","type":"post","link":"https:\/\/dgospel.com.br\/portal\/index.php\/2019\/01\/22\/adequacoes-prediais-nas-unidades-do-sine-devem-gerar-economia-anual-de-mais-de-r-12-milhao\/","title":{"rendered":"Adequa\u00e7\u00f5es prediais nas unidades do Sine devem gerar economia anual de mais de R$ 1,2 milh\u00e3o"},"content":{"rendered":"<div class=\"col-lg-9\">\n<article>\n<div>\n<p>Com a parceria firmada entre a Secretaria de Estado do Trabalho e Desenvolvimento Social (Setas) e a prefeitura Municipal de Guara\u00ed, a Setas d\u00e1 in\u00edcio \u00e0s negocia\u00e7\u00f5es para readequar as instala\u00e7\u00f5es prediais das nove unidades do Sistema Nacional de Emprego (Sine) existentes no Estado.<\/p>\n<p>Nessa segunda-feira, 21, o secret\u00e1rio da Setas, Messias Ara\u00fajo, selou um termo de parceria com a prefeita de Guara\u00ed, Lires Ferneda, com o prop\u00f3sito de\u00a0que o munic\u00edpio ceda um\u00a0espa\u00e7o para as novas instala\u00e7\u00f5es da unidade do Sine\u00a0na cidade. Segundo Messias, o objetivo \u00e9 firmar parcerias semelhantes em todas as cidades onde funcionam as unidades do\u00a0Sine. A medida, segundo ele, integra a pol\u00edtica de redu\u00e7\u00e3o de custos, recomendada pelo Governo do Estado e ser\u00e1 implementada em outros segmentos da institui\u00e7\u00e3o, gerando uma economia anual de mais de R$ 1,2 milh\u00e3o em alugu\u00e9is.<\/p>\n<p>Atualmente, o Sine possui duas unidades de atendimento na Capital, uma no centro da cidade\u00a0e outra em Taquaralto, na regi\u00e3o sul, tamb\u00e9m est\u00e1 presente em Aragua\u00edna, Gurupi, Dian\u00f3polis, Porto Nacional, Para\u00edso do Tocantins, Guara\u00ed e em Araguatins.<\/p>\n<\/div>\n<\/article>\n<\/div>\n","protected":false},"excerpt":{"rendered":"<p>Com a parceria firmada entre a Secretaria de Estado do Trabalho e Desenvolvimento Social (Setas) e a prefeitura Municipal de Guara\u00ed, a Setas d\u00e1 in\u00edcio \u00e0s negocia\u00e7\u00f5es para readequar as instala\u00e7\u00f5es prediais das nove unidades do Sistema Nacional de Emprego (Sine) existentes no Estado. Nessa segunda-feira, 21, o secret\u00e1rio da Setas, Messias Ara\u00fajo, selou um [&hellip;]<\/p>\n","protected":false},"author":2,"featured_media":2367,"comment_status":"open","ping_status":"open","sticky":false,"template":"","format":"standard","meta":[],"categories":[4],"tags":[],"_links":{"self":[{"href":"https:\/\/dgospel.com.br\/portal\/index.php\/wp-json\/wp\/v2\/posts\/2366"}],"collection":[{"href":"https:\/\/dgospel.com.br\/portal\/index.php\/wp-json\/wp\/v2\/posts"}],"about":[{"href":"https:\/\/dgospel.com.br\/portal\/index.php\/wp-json\/wp\/v2\/types\/post"}],"author":[{"embeddable":true,"href":"https:\/\/dgospel.com.br\/portal\/index.php\/wp-json\/wp\/v2\/users\/2"}],"replies":[{"embeddable":true,"href":"https:\/\/dgospel.com.br\/portal\/index.php\/wp-json\/wp\/v2\/comments?post=2366"}],"version-history":[{"count":2,"href":"https:\/\/dgospel.com.br\/portal\/index.php\/wp-json\/wp\/v2\/posts\/2366\/revisions"}],"predecessor-version":[{"id":2369,"href":"https:\/\/dgospel.com.br\/portal\/index.php\/wp-json\/wp\/v2\/posts\/2366\/revisions\/2369"}],"wp:featuredmedia":[{"embeddable":true,"href":"https:\/\/dgospel.com.br\/portal\/index.php\/wp-json\/wp\/v2\/media\/2367"}],"wp:attachment":[{"href":"https:\/\/dgospel.com.br\/portal\/index.php\/wp-json\/wp\/v2\/media?parent=2366"}],"wp:term":[{"taxonomy":"category","embeddable":true,"href":"https:\/\/dgospel.com.br\/portal\/index.php\/wp-json\/wp\/v2\/categories?post=2366"},{"taxonomy":"post_tag","embeddable":true,"href":"https:\/\/dgospel.com.br\/portal\/index.php\/wp-json\/wp\/v2\/tags?post=2366"}],"curies":[{"name":"wp","href":"https:\/\/api.w.org\/{rel}","templated":true}]}}