{"id":237,"date":"2018-05-18T10:58:45","date_gmt":"2018-05-18T13:58:45","guid":{"rendered":"http:\/\/dgospel.com.br\/portal\/?p=237"},"modified":"2018-05-18T10:58:45","modified_gmt":"2018-05-18T13:58:45","slug":"quando-assumi-o-governo-estava-um-caos-mas-a-responsabilidade-de-organizar-o-estado-agora-e-minha-diz-carlesse","status":"publish","type":"post","link":"https:\/\/dgospel.com.br\/portal\/index.php\/2018\/05\/18\/quando-assumi-o-governo-estava-um-caos-mas-a-responsabilidade-de-organizar-o-estado-agora-e-minha-diz-carlesse\/","title":{"rendered":"\u201cQuando assumi o Governo estava um caos, mas a responsabilidade de organizar o Estado agora \u00e9 minha\u201d, diz Carlesse"},"content":{"rendered":"<p class=\"yiv5538280318MsoNormal\">Governador interino e candidato ao Governo do Estado pela coliga\u00e7\u00e3o Governo de Atitude, Mauro Carlesse disse nesta quinta-feira, 17, que encontrou o \u201ccaos\u201d instalado na administra\u00e7\u00e3o estadual. D\u00edvidas, compromissos n\u00e3o cumpridos, insabilidade pol\u00edtica e jur\u00eddica, s\u00e3o alguns dos problemas que Carlesse tem enfrentado em pouco mais de 20 dias de gest\u00e3o.<\/p>\n<p class=\"yiv5538280318MsoNormal\">No entanto, o atual Governador afirmou que sua miss\u00e3o agora \u00e9 enfrentar esses desafios e j\u00e1 elencou algumas conquistas.\u00a0\u00a0\u201c\u201cO ex-governador foi cassado, n\u00e3o por mim, mas pela Justi\u00e7a. E o povo do Estado n\u00e3o \u00e9 culpado e nem pode pagar por isso. Mas a partir de agora, a responsabilidade de organizar o Estado agora \u00e9 minha\u201d, firmou.<\/p>\n<p class=\"yiv5538280318MsoNormal\">Em seu discurso, o governador lembrou que seu governo \u2013 que \u00e9 transit\u00f3rio \u2013 visa a melhorar a vida do povo, dos servidores p\u00fablicos e, ao mesmo tempo, trazer empresas para o Estado, gerando emprego e renda gra\u00e7as \u00e0 estabilidade e ao resgate da confian\u00e7a os investidores.<\/p>\n<p class=\"yiv5538280318MsoNormal\">\u201cSem isso, n\u00e3o temos garantia de nada. A ponte de Porto Nacional, por exemplo, fundamental para o desenvolvimento do nosso Estado, vai cair por falta de responsabilidade dos pol\u00edticos que agora se apresentam como os \u201csalvadores da p\u00e1tria\u201d.<\/p>\n<p class=\"yiv5538280318MsoNormal\">Para Carlesse, esses \u201csalvadores da p\u00e1tria\u201d s\u00e3o os mesmos pol\u00edticos que h\u00e1 anos prometem a mesma coisa, mas que na pr\u00e1tica levaram o Estado \u00e0 bancarrota. \u201cOs que de fato lutam para melhorar o Estado est\u00e3o aqui, nesse palanque, porque acreditam em um projeto de estabilidade. Que lutam por um Tocantins melhor para todos\u201d, disse.<\/p>\n<p class=\"yiv5538280318MsoNormal\">Participantes<\/p>\n<p class=\"yiv5538280318MsoNormal\">Participaram da reuni\u00e3o os deputados federais L\u00e1zaro Botelho (PP) e Professora Dorinha (DEM), os deputados estaduais Olyntho Neto (PSDB), Luana Ribeiro (PSDB), Valderez Casto Branco (PP), Junior Evangelista (PRTB), Cleiton Cardoso (PTC), Eli Borges (SD), Wanderlei Barbosa (PHS), candidato a vice governador, prefeitos e vereadores de v\u00e1rias cidades do Estado.<\/p>\n","protected":false},"excerpt":{"rendered":"<p>Governador interino e candidato ao Governo do Estado pela coliga\u00e7\u00e3o Governo de Atitude, Mauro Carlesse disse nesta quinta-feira, 17, que encontrou o \u201ccaos\u201d instalado na administra\u00e7\u00e3o estadual. D\u00edvidas, compromissos n\u00e3o cumpridos, insabilidade pol\u00edtica e jur\u00eddica, s\u00e3o alguns dos problemas que Carlesse tem enfrentado em pouco mais de 20 dias de gest\u00e3o. No entanto, o atual [&hellip;]<\/p>\n","protected":false},"author":2,"featured_media":238,"comment_status":"open","ping_status":"open","sticky":false,"template":"","format":"standard","meta":[],"categories":[2,4],"tags":[],"_links":{"self":[{"href":"https:\/\/dgospel.com.br\/portal\/index.php\/wp-json\/wp\/v2\/posts\/237"}],"collection":[{"href":"https:\/\/dgospel.com.br\/portal\/index.php\/wp-json\/wp\/v2\/posts"}],"about":[{"href":"https:\/\/dgospel.com.br\/portal\/index.php\/wp-json\/wp\/v2\/types\/post"}],"author":[{"embeddable":true,"href":"https:\/\/dgospel.com.br\/portal\/index.php\/wp-json\/wp\/v2\/users\/2"}],"replies":[{"embeddable":true,"href":"https:\/\/dgospel.com.br\/portal\/index.php\/wp-json\/wp\/v2\/comments?post=237"}],"version-history":[{"count":1,"href":"https:\/\/dgospel.com.br\/portal\/index.php\/wp-json\/wp\/v2\/posts\/237\/revisions"}],"predecessor-version":[{"id":239,"href":"https:\/\/dgospel.com.br\/portal\/index.php\/wp-json\/wp\/v2\/posts\/237\/revisions\/239"}],"wp:featuredmedia":[{"embeddable":true,"href":"https:\/\/dgospel.com.br\/portal\/index.php\/wp-json\/wp\/v2\/media\/238"}],"wp:attachment":[{"href":"https:\/\/dgospel.com.br\/portal\/index.php\/wp-json\/wp\/v2\/media?parent=237"}],"wp:term":[{"taxonomy":"category","embeddable":true,"href":"https:\/\/dgospel.com.br\/portal\/index.php\/wp-json\/wp\/v2\/categories?post=237"},{"taxonomy":"post_tag","embeddable":true,"href":"https:\/\/dgospel.com.br\/portal\/index.php\/wp-json\/wp\/v2\/tags?post=237"}],"curies":[{"name":"wp","href":"https:\/\/api.w.org\/{rel}","templated":true}]}}