{"id":2370,"date":"2019-01-22T18:11:32","date_gmt":"2019-01-22T20:11:32","guid":{"rendered":"http:\/\/dgospel.com.br\/portal\/?p=2370"},"modified":"2019-01-22T18:11:32","modified_gmt":"2019-01-22T20:11:32","slug":"policia-militar-discute-seguranca-publica-com-representantes-politicos-e-conselho-comunitario","status":"publish","type":"post","link":"https:\/\/dgospel.com.br\/portal\/index.php\/2019\/01\/22\/policia-militar-discute-seguranca-publica-com-representantes-politicos-e-conselho-comunitario\/","title":{"rendered":"Pol\u00edcia Militar discute seguran\u00e7a p\u00fablica com representantes pol\u00edticos e Conselho Comunit\u00e1rio"},"content":{"rendered":"<p>A Pol\u00edcia Militar\u00a0 (PM), por meio do comandante-geral, Coronel Jaizon Veras Barbosa; do chefe do Estado-Maior, coronel Henrique de Souza Lima J\u00fanior; e o tenente-coronel Francinaldo B\u00f3, respondendo pelo Comando do Policiamento da Capital, se reuniu na manh\u00e3 desta ter\u00e7a-feira, 22, com a deputada Federal Dorinha Seabra Rezende; o prefeito de Miranorte, Ant\u00f4nio Carlos Martins; o comandante da 6\u00aa Companhia Independente de Pol\u00edcia Militar, capit\u00e3o Murilo Avelar, o assessor de Pol\u00edcia Comunit\u00e1ria da Secretaria de Seguran\u00e7a P\u00fablica, capit\u00e3o Thiago Monteiro Martins; o presidente do Conselho Comunit\u00e1rio de Seguran\u00e7a, Fernando Mota e membros Conselho, para tratar sobre os anseios e necessidades da seguran\u00e7a p\u00fablica.<\/p>\n<p>A reuni\u00e3o foi solicitada pelo Conselho Comunit\u00e1rio de Seguran\u00e7a de Miranorte \u00e0 deputada federal e estendida aos \u00f3rg\u00e3os de seguran\u00e7a como um todo. Realizado no Quartel do Comando Geral em Palmas, o encontro abordou as premissas da efici\u00eancia e efic\u00e1cia dos servi\u00e7os oferecidos nas unidades de seguran\u00e7a, que por sua vez adv\u00eam de necessidades estruturais j\u00e1 defendidas em projetos pela deputada na C\u00e2mara, que j\u00e1 destinou cerca de R$ 49 milh\u00f5es em emendas impositivas de bancada para o Corpo de Bombeiros e para a Pol\u00edcia Militar e Civil investirem em constru\u00e7\u00f5es, ve\u00edculos, armas e muni\u00e7\u00f5es.<\/p>\n<p>Segundo a deputada, \u201co combate \u00e0 viol\u00eancia e\u00a0ao tr\u00e1fico, e a realiza\u00e7\u00e3o de a\u00e7\u00f5es preventivas de seguran\u00e7a s\u00e3o urg\u00eancias apresentadas pela sociedade. As for\u00e7as de seguran\u00e7a do Tocantins precisam estar equipadas para dar, \u00e0 popula\u00e7\u00e3o, a resposta esperada por parte das autoridades\u201d. A deputada ainda destacou a credibilidade da imagem da PM devido aos bons servi\u00e7os prestados e manuten\u00e7\u00e3o desse\u00a0<em>status quo<\/em>\u00a0em plena \u00e9poca de tecnologia, onde possui como proposta a implanta\u00e7\u00e3o de sistemas digitais que trar\u00e3o a melhoria desses atendimentos.<\/p>\n<p>O comandante-geral da PMTO, Jaizon Veras, ressalta que a Seguran\u00e7a P\u00fablica deve continuar a ser constru\u00edda a partir da intera\u00e7\u00e3o entre as for\u00e7as de seguran\u00e7a e a comunidade. Na ocasi\u00e3o, elogiou a atua\u00e7\u00e3o dos Conselhos Comunit\u00e1rios de Seguran\u00e7a que integram a comunidade como agente participativo do meio. Para o comandante, os Conselhos s\u00e3o um dos correspons\u00e1veis pela redu\u00e7\u00e3o dos \u00edndices criminais apurados entre 2017 e 2018 e, a partir do apoio recebido com emendas parlamentares, poder\u00e1 obter sucesso ainda maior no ano de 2019.<\/p>\n<p>&nbsp;<\/p>\n","protected":false},"excerpt":{"rendered":"<p>A Pol\u00edcia Militar\u00a0 (PM), por meio do comandante-geral, Coronel Jaizon Veras Barbosa; do chefe do Estado-Maior, coronel Henrique de Souza Lima J\u00fanior; e o tenente-coronel Francinaldo B\u00f3, respondendo pelo Comando do Policiamento da Capital, se reuniu na manh\u00e3 desta ter\u00e7a-feira, 22, com a deputada Federal Dorinha Seabra Rezende; o prefeito de Miranorte, Ant\u00f4nio Carlos Martins; [&hellip;]<\/p>\n","protected":false},"author":2,"featured_media":2371,"comment_status":"open","ping_status":"open","sticky":false,"template":"","format":"standard","meta":[],"categories":[2,4],"tags":[],"_links":{"self":[{"href":"https:\/\/dgospel.com.br\/portal\/index.php\/wp-json\/wp\/v2\/posts\/2370"}],"collection":[{"href":"https:\/\/dgospel.com.br\/portal\/index.php\/wp-json\/wp\/v2\/posts"}],"about":[{"href":"https:\/\/dgospel.com.br\/portal\/index.php\/wp-json\/wp\/v2\/types\/post"}],"author":[{"embeddable":true,"href":"https:\/\/dgospel.com.br\/portal\/index.php\/wp-json\/wp\/v2\/users\/2"}],"replies":[{"embeddable":true,"href":"https:\/\/dgospel.com.br\/portal\/index.php\/wp-json\/wp\/v2\/comments?post=2370"}],"version-history":[{"count":1,"href":"https:\/\/dgospel.com.br\/portal\/index.php\/wp-json\/wp\/v2\/posts\/2370\/revisions"}],"predecessor-version":[{"id":2372,"href":"https:\/\/dgospel.com.br\/portal\/index.php\/wp-json\/wp\/v2\/posts\/2370\/revisions\/2372"}],"wp:featuredmedia":[{"embeddable":true,"href":"https:\/\/dgospel.com.br\/portal\/index.php\/wp-json\/wp\/v2\/media\/2371"}],"wp:attachment":[{"href":"https:\/\/dgospel.com.br\/portal\/index.php\/wp-json\/wp\/v2\/media?parent=2370"}],"wp:term":[{"taxonomy":"category","embeddable":true,"href":"https:\/\/dgospel.com.br\/portal\/index.php\/wp-json\/wp\/v2\/categories?post=2370"},{"taxonomy":"post_tag","embeddable":true,"href":"https:\/\/dgospel.com.br\/portal\/index.php\/wp-json\/wp\/v2\/tags?post=2370"}],"curies":[{"name":"wp","href":"https:\/\/api.w.org\/{rel}","templated":true}]}}