{"id":2377,"date":"2019-01-23T11:24:20","date_gmt":"2019-01-23T13:24:20","guid":{"rendered":"http:\/\/dgospel.com.br\/portal\/?p=2377"},"modified":"2019-01-23T11:24:20","modified_gmt":"2019-01-23T13:24:20","slug":"procon-e-agencia-de-metrologia-discutem-acoes-conjuntas-em-defesa-do-consumidor","status":"publish","type":"post","link":"https:\/\/dgospel.com.br\/portal\/index.php\/2019\/01\/23\/procon-e-agencia-de-metrologia-discutem-acoes-conjuntas-em-defesa-do-consumidor\/","title":{"rendered":"Procon e Ag\u00eancia de Metrologia discutem a\u00e7\u00f5es conjuntas em defesa do consumidor"},"content":{"rendered":"<p>Parcerias e pol\u00edticas p\u00fablicas em defesa do consumidor foram alguns dos assuntos abordados durante uma reuni\u00e3o entre o superintendente do Procon Tocantins, Walter Viana, e o presidente da Ag\u00eancia Estadual de Metrologia (AEM), R\u00e9rison Ant\u00f4nio Castro Leite. O encontro ocorreu na tarde dessa segunda-feira, 21.<\/p>\n<p>Na ocasi\u00e3o, Walter Viana destacou que o trabalho em conjunto com a AEM visa garantir ainda mais resultados positivos que ampliem as a\u00e7\u00f5es desenvolvidas nos \u00f3rg\u00e3os, assim como potencializar a divulga\u00e7\u00e3o de informa\u00e7\u00f5es que s\u00e3o de interesse do consumidor, uma vez que a Ag\u00eancia Estadual tamb\u00e9m \u00e9 um \u00f3rg\u00e3o de fiscaliza\u00e7\u00e3o.<\/p>\n<p>\u201cO Procon n\u00e3o tem medido esfor\u00e7os para que o direito do consumidor seja respeitado. Esses resultados s\u00e3o comprovados principalmente no alto \u00edndice de resolutividade das reclama\u00e7\u00f5es que ultrapassam\u00a088%. E sabemos que ainda pode ser melhorado, por isso o nosso interesse em buscar apoio que reforce nosso trabalho\u201d, afirmou Walter.<\/p>\n<p>Para R\u00e9rison Ant\u00f4nio, presidente da AEM, a parceria vai aumentar ainda mais a qualidade na presta\u00e7\u00e3o de servi\u00e7os. \u201cEssa intera\u00e7\u00e3o e o trabalho conjunto entre os \u00f3rg\u00e3os estaduais\u00a0s\u00e3o fundamentais\u00a0para a sociedade, pois\u00a0fortalecer\u00e3o a defesa do consumidor e uma presta\u00e7\u00e3o de servi\u00e7o ainda mais eficiente\u201d, destacou.<\/p>\n","protected":false},"excerpt":{"rendered":"<p>Parcerias e pol\u00edticas p\u00fablicas em defesa do consumidor foram alguns dos assuntos abordados durante uma reuni\u00e3o entre o superintendente do Procon Tocantins, Walter Viana, e o presidente da Ag\u00eancia Estadual de Metrologia (AEM), R\u00e9rison Ant\u00f4nio Castro Leite. O encontro ocorreu na tarde dessa segunda-feira, 21. Na ocasi\u00e3o, Walter Viana destacou que o trabalho em conjunto [&hellip;]<\/p>\n","protected":false},"author":2,"featured_media":2378,"comment_status":"open","ping_status":"open","sticky":false,"template":"","format":"standard","meta":[],"categories":[2,4],"tags":[],"_links":{"self":[{"href":"https:\/\/dgospel.com.br\/portal\/index.php\/wp-json\/wp\/v2\/posts\/2377"}],"collection":[{"href":"https:\/\/dgospel.com.br\/portal\/index.php\/wp-json\/wp\/v2\/posts"}],"about":[{"href":"https:\/\/dgospel.com.br\/portal\/index.php\/wp-json\/wp\/v2\/types\/post"}],"author":[{"embeddable":true,"href":"https:\/\/dgospel.com.br\/portal\/index.php\/wp-json\/wp\/v2\/users\/2"}],"replies":[{"embeddable":true,"href":"https:\/\/dgospel.com.br\/portal\/index.php\/wp-json\/wp\/v2\/comments?post=2377"}],"version-history":[{"count":1,"href":"https:\/\/dgospel.com.br\/portal\/index.php\/wp-json\/wp\/v2\/posts\/2377\/revisions"}],"predecessor-version":[{"id":2379,"href":"https:\/\/dgospel.com.br\/portal\/index.php\/wp-json\/wp\/v2\/posts\/2377\/revisions\/2379"}],"wp:featuredmedia":[{"embeddable":true,"href":"https:\/\/dgospel.com.br\/portal\/index.php\/wp-json\/wp\/v2\/media\/2378"}],"wp:attachment":[{"href":"https:\/\/dgospel.com.br\/portal\/index.php\/wp-json\/wp\/v2\/media?parent=2377"}],"wp:term":[{"taxonomy":"category","embeddable":true,"href":"https:\/\/dgospel.com.br\/portal\/index.php\/wp-json\/wp\/v2\/categories?post=2377"},{"taxonomy":"post_tag","embeddable":true,"href":"https:\/\/dgospel.com.br\/portal\/index.php\/wp-json\/wp\/v2\/tags?post=2377"}],"curies":[{"name":"wp","href":"https:\/\/api.w.org\/{rel}","templated":true}]}}