{"id":2380,"date":"2019-01-23T11:47:53","date_gmt":"2019-01-23T13:47:53","guid":{"rendered":"http:\/\/dgospel.com.br\/portal\/?p=2380"},"modified":"2019-01-23T11:47:53","modified_gmt":"2019-01-23T13:47:53","slug":"servidores-cedidos-para-outros-orgaos-retornam-como-reforco-para-o-quadro-da-educacao","status":"publish","type":"post","link":"https:\/\/dgospel.com.br\/portal\/index.php\/2019\/01\/23\/servidores-cedidos-para-outros-orgaos-retornam-como-reforco-para-o-quadro-da-educacao\/","title":{"rendered":"Servidores cedidos para outros \u00f3rg\u00e3os retornam como refor\u00e7o para o quadro da Educa\u00e7\u00e3o"},"content":{"rendered":"<p>Servidores efetivos do quadro da Secretaria de Estado da Educa\u00e7\u00e3o, Juventude e Esportes (Seduc) cedidos para outros \u00f3rg\u00e3os do Executivo estadual retornar\u00e3o \u00e0s atividades na pasta de origem. A revoga\u00e7\u00e3o dos atos de cess\u00e3o ser\u00e1 publicada no Di\u00e1rio Oficial desta ter\u00e7a-feira, 22,\u00a0como parte do conjunto de medidas que est\u00e3o sendo adotadas pelo Governo visando\u00a0o equil\u00edbrio fiscal e financeiro, a estabilidade administrativa e a efici\u00eancia na presta\u00e7\u00e3o dos servi\u00e7os p\u00fablicos no Estado.<\/p>\n<p>Com o ato, 57 servidores &#8211; sendo 53 professores da educa\u00e7\u00e3o b\u00e1sica (Proeb), tr\u00eas professores normalistas (Prono) e um professor graduado (P-II) \u2013 retomar\u00e3o seus trabalhos na \u00e1rea da Educa\u00e7\u00e3o.\u00a0 Para tanto, uma an\u00e1lise do perfil de forma\u00e7\u00e3o e atua\u00e7\u00e3o de cada um desses profissionais est\u00e1 sendo realizada, para garantir o melhor aproveitamento de suas aptid\u00f5es, conforme a necessidade da pasta.<\/p>\n<p>Estes servidores se encontravam cedidos para \u00f3rg\u00e3os como o Instituto Natureza do Tocantins (Naturatins), o Departamento Estadual de Tr\u00e2nsito (Detran), o Banco do Empreendedor (BEM), a Ag\u00eancia de Defesa Agropecu\u00e1ria (Adapec), a Ag\u00eancia Estadual de Metrologia (AEM), a Pol\u00edcia Militar, a Defensoria P\u00fablica e as secretarias da Sa\u00fade, da Administra\u00e7\u00e3o, do Desenvolvimento Econ\u00f4mico, do Trabalho e Desenvolvimento Social, da Cidadania e Justi\u00e7a, e da Seguran\u00e7a P\u00fablica.<\/p>\n<p>Ajustes desta natureza se fazem necess\u00e1rios tendo em vista a demanda por pessoal existente na Seduc. At\u00e9 o final de ano passado, a secretaria contava com cerca de 6.400 professores contratados para atender \u00e0s unidades escolares da rede.<\/p>\n","protected":false},"excerpt":{"rendered":"<p>Servidores efetivos do quadro da Secretaria de Estado da Educa\u00e7\u00e3o, Juventude e Esportes (Seduc) cedidos para outros \u00f3rg\u00e3os do Executivo estadual retornar\u00e3o \u00e0s atividades na pasta de origem. A revoga\u00e7\u00e3o dos atos de cess\u00e3o ser\u00e1 publicada no Di\u00e1rio Oficial desta ter\u00e7a-feira, 22,\u00a0como parte do conjunto de medidas que est\u00e3o sendo adotadas pelo Governo visando\u00a0o equil\u00edbrio [&hellip;]<\/p>\n","protected":false},"author":2,"featured_media":2381,"comment_status":"open","ping_status":"open","sticky":false,"template":"","format":"standard","meta":[],"categories":[2,4],"tags":[],"_links":{"self":[{"href":"https:\/\/dgospel.com.br\/portal\/index.php\/wp-json\/wp\/v2\/posts\/2380"}],"collection":[{"href":"https:\/\/dgospel.com.br\/portal\/index.php\/wp-json\/wp\/v2\/posts"}],"about":[{"href":"https:\/\/dgospel.com.br\/portal\/index.php\/wp-json\/wp\/v2\/types\/post"}],"author":[{"embeddable":true,"href":"https:\/\/dgospel.com.br\/portal\/index.php\/wp-json\/wp\/v2\/users\/2"}],"replies":[{"embeddable":true,"href":"https:\/\/dgospel.com.br\/portal\/index.php\/wp-json\/wp\/v2\/comments?post=2380"}],"version-history":[{"count":1,"href":"https:\/\/dgospel.com.br\/portal\/index.php\/wp-json\/wp\/v2\/posts\/2380\/revisions"}],"predecessor-version":[{"id":2382,"href":"https:\/\/dgospel.com.br\/portal\/index.php\/wp-json\/wp\/v2\/posts\/2380\/revisions\/2382"}],"wp:featuredmedia":[{"embeddable":true,"href":"https:\/\/dgospel.com.br\/portal\/index.php\/wp-json\/wp\/v2\/media\/2381"}],"wp:attachment":[{"href":"https:\/\/dgospel.com.br\/portal\/index.php\/wp-json\/wp\/v2\/media?parent=2380"}],"wp:term":[{"taxonomy":"category","embeddable":true,"href":"https:\/\/dgospel.com.br\/portal\/index.php\/wp-json\/wp\/v2\/categories?post=2380"},{"taxonomy":"post_tag","embeddable":true,"href":"https:\/\/dgospel.com.br\/portal\/index.php\/wp-json\/wp\/v2\/tags?post=2380"}],"curies":[{"name":"wp","href":"https:\/\/api.w.org\/{rel}","templated":true}]}}