{"id":2383,"date":"2019-01-24T10:10:16","date_gmt":"2019-01-24T12:10:16","guid":{"rendered":"http:\/\/dgospel.com.br\/portal\/?p=2383"},"modified":"2019-01-24T10:10:16","modified_gmt":"2019-01-24T12:10:16","slug":"metrologia-estadual-verifica-balancas-comerciais-e-da-dicas-a-varejistas","status":"publish","type":"post","link":"https:\/\/dgospel.com.br\/portal\/index.php\/2019\/01\/24\/metrologia-estadual-verifica-balancas-comerciais-e-da-dicas-a-varejistas\/","title":{"rendered":"Metrologia Estadual verifica balan\u00e7as comerciais e d\u00e1 dicas a varejistas"},"content":{"rendered":"<p>Com as a\u00e7\u00f5es para 2019 j\u00e1 pactuadas com o Instituto Nacional de Metrologia, Qualidade e Tecnologia (Inmetro), a Ag\u00eancia de Metrologia, Avalia\u00e7\u00e3o da Conformidade, Inova\u00e7\u00e3o e Tecnologia do Estado do Tocantins (AEM-TO), \u00f3rg\u00e3o delegado no Tocantins, inicia o processo de Verifica\u00e7\u00e3o das Balan\u00e7as Comerciais, vistoriando o dispositivo em farm\u00e1cias de manipula\u00e7\u00e3o, supermercados, a\u00e7ougues e restaurantes, lanchonetes, sorveterias e demais empresas que utilizam do equipamento para medi\u00e7\u00e3o de produtos.<\/p>\n<p>A verifica\u00e7\u00e3o de balan\u00e7a \u00e9 um processo normal para o dia a dia dos varejistas que contam com produtos vendidos a peso em suas lojas.<\/p>\n<p>Toda balan\u00e7a utilizada para atividade econ\u00f4mica deve, obrigatoriamente, ser de modelo aprovado pelo Inmetro, em conformidade com a Portaria n\u00b0 236\/94, e ser verificada periodicamente pela Metrologia Estadual. Isso significa tamb\u00e9m que o equipamento n\u00e3o pode ser pirata ou de uso dom\u00e9stico, cujos modelos n\u00e3o s\u00e3o apropriados para uso comercial.<\/p>\n<p><strong>Confer\u00eancia de peso<\/strong><\/p>\n<p>A verifica\u00e7\u00e3o das balan\u00e7as faz parte das a\u00e7\u00f5es rotineiras da \u00e1rea de instrumentos, realizada periodicamente pelos agentes de fiscaliza\u00e7\u00e3o da AEM, e tem por objetivo avaliar se as informa\u00e7\u00f5es do equipamento est\u00e3o corretas, bem como averiguar o Erro M\u00e1ximo Admiss\u00edvel (EMA) e os selos que devem estar presentes em todos os equipamentos.<\/p>\n<p>De acordo com o t\u00e9cnico de instrumentos da Metrologia Estadual, Lu\u00eds Fernando da Silva Lima, \u201ctoda balan\u00e7a comercial tem adesivo de identifica\u00e7\u00e3o que informa se o equipamento est\u00e1 aferido e adequado para o uso\u201d.<\/p>\n<p>S\u00e3o tr\u00eas tipos de Selo de Identifica\u00e7\u00e3o: Inicial, que \u00e9 o adesivo que vem com a balan\u00e7a nova, quando ela \u00e9 adquirida e que permanece at\u00e9 a primeira visita t\u00e9cnica metrol\u00f3gica; Selo de Verifica\u00e7\u00e3o Subsequente, que \u00e9 o adesivo que indica que o equipamento foi verificado pela equipe delegada do Inmetro e que est\u00e1 em conformidade para uso at\u00e9 a pr\u00f3xima visita; Selo de Verifica\u00e7\u00e3o de Repara\u00e7\u00e3o que \u00e9 o adesivo que indica que o equipamento foi reparado na oficina de manuten\u00e7\u00e3o permission\u00e1ria acreditada pelo Inmetro e que haver\u00e1 uma nova visita para verifica\u00e7\u00e3o p\u00f3s-reparo.<\/p>\n<p><strong>Seguran\u00e7a para o varejista e para o consumidor<\/strong><\/p>\n<p>A balan\u00e7a aferida nos ensaios metrol\u00f3gicos \u00e9 uma seguran\u00e7a para quem vende e quem compra o produto.\u00a0O Inmetro atua visando a concorr\u00eancia leal e assegurando a legitimidade das rela\u00e7\u00f5es entre empresas e consumidores. \u201cNosso trabalho assegura que as transa\u00e7\u00f5es comerciais sejam\u00a0realizadas sem que nenhuma das partes envolvidas tenha\u00a0preju\u00edzo em uma compra ou venda de algo medido pelo peso\u201d, pontua o presidente da AEM, R\u00e9rison Antonio Castro Leite.<\/p>\n<p>Al\u00e9m disso, o equipamento verificado e aprovado atesta que a empresa est\u00e1 atuando em conformidade com a legisla\u00e7\u00e3o metrol\u00f3gica, assegurando que prioriza tamb\u00e9m o respeito ao cliente.<\/p>\n<p>O consumidor deve ficar atento ao selo Inmetro e \u00e0 portaria de aprova\u00e7\u00e3o do modelo do equipamento.<\/p>\n<p>A balan\u00e7a legal, adquirida no com\u00e9rcio formal, consta com uma placa na lateral com a etiqueta que tem a Portaria de Aprova\u00e7\u00e3o de Modelo (PAM). E, quem quiser ver o lacre de cor amarela, que indica que a balan\u00e7a est\u00e1 verificada e pr\u00f3pria para uso, pode observar logo abaixo da bandeja do equipamento. Vale ressaltar que o equipamento sem lacre tem a grande possibilidade de ser pirata e de n\u00e3o estar com os dados legais, podendo inclusive ludibriar o consumidor.<\/p>\n<p><strong>Equipamento Pirata<\/strong><\/p>\n<p>Infelizmente, ainda existem comerciantes que fazem uso de Balan\u00e7as Comerciais piratas, ou seja, equipamentos n\u00e3o condizentes com o uso e que n\u00e3o s\u00e3o aprovados pelo Inmetro. No caso da vistoria da Metrologia Estadual identificar um equipamento impr\u00f3prio, o mesmo \u00e9 objeto de apreens\u00e3o e \u00e9 aplicada san\u00e7\u00e3o administrativa \u00e0 empresa.<\/p>\n<p><strong>Vistorias em Palmas<\/strong><\/p>\n<p>Durante o m\u00eas de janeiro, ser\u00e3o realizadas cerca de 157 a\u00e7\u00f5es de vistorias em instrumentos de medir balan\u00e7as comerciais. Os ensaios metrol\u00f3gicos s\u00e3o realizados no pr\u00f3prio estabelecimento comercial, verificados com os padr\u00f5es de massa devidamente calibrados. As balan\u00e7as s\u00e3o verificadas e certificadas quando aprovadas para o uso. S\u00e3o realizados testes de nivelamento, repetibilidade, pesagem de canto e carga m\u00e1xima.<\/p>\n<p>Se algum equipamento estiver com irregularidades, como, por exemplo, modificar o peso visando apropria\u00e7\u00e3o ind\u00e9bita para o comerciante, o equipamento ser\u00e1 lacrado na cor vermelha e ser\u00e1 aplicada san\u00e7\u00e3o \u00e0 empresa, por enganar o consumidor.<\/p>\n<p>Ap\u00f3s o erro identificado, o equipamento dever\u00e1 ser reparado em oficina de manuten\u00e7\u00e3o permission\u00e1ria credenciada e acreditada pelo Inmetro para posterior visita e verifica\u00e7\u00e3o da balan\u00e7a junto \u00e0 equipe t\u00e9cnica da AEM.<\/p>\n<p>A validade da verifica\u00e7\u00e3o deve ser determinada em anos, ap\u00f3s a expira\u00e7\u00e3o do ano calend\u00e1rio no qual o instrumento foi verificado pela \u00faltima vez.<\/p>\n<p><strong>Dicas para comerciantes<\/strong><\/p>\n<p>\u2022 O Inmetro recomenda que o comerciante jamais utilize equipamento pirata e sem a Portaria de Aprova\u00e7\u00e3o de Modelo.<\/p>\n<p>\u2022 Equipamento sem selo e sem lacre \u00e9 pass\u00edvel de san\u00e7\u00e3o e de multa.<\/p>\n<p>\u2022 Balan\u00e7a \u00e9 um equipamento de medi\u00e7\u00e3o e de precis\u00e3o. A manuten\u00e7\u00e3o corretiva ou preventiva s\u00f3 deve ser realizada em Oficinas Permission\u00e1rias Acreditadas.<\/p>\n<p>\u2022 Mantenha o equipamento em local nivelado, com superf\u00edcie plana e forte para suportar o peso colocado.<\/p>\n<p>\u2022 Instale a balan\u00e7a em local iluminado e de livre acesso ao consumidor, em plataformas s\u00f3lidas, niveladas e sem cal\u00e7o.<\/p>\n<p>\u2022 N\u00e3o instale ventilador de teto direcionado para a balan\u00e7a, pois este pode influenciar nas pesagens.<\/p>\n<p>\u2022 Na d\u00favida se o equipamento est\u00e1 apropriado, solicite a visita t\u00e9cnica da Metrologia Estadual.<\/p>\n","protected":false},"excerpt":{"rendered":"<p>Com as a\u00e7\u00f5es para 2019 j\u00e1 pactuadas com o Instituto Nacional de Metrologia, Qualidade e Tecnologia (Inmetro), a Ag\u00eancia de Metrologia, Avalia\u00e7\u00e3o da Conformidade, Inova\u00e7\u00e3o e Tecnologia do Estado do Tocantins (AEM-TO), \u00f3rg\u00e3o delegado no Tocantins, inicia o processo de Verifica\u00e7\u00e3o das Balan\u00e7as Comerciais, vistoriando o dispositivo em farm\u00e1cias de manipula\u00e7\u00e3o, supermercados, a\u00e7ougues e restaurantes, [&hellip;]<\/p>\n","protected":false},"author":2,"featured_media":2384,"comment_status":"open","ping_status":"open","sticky":false,"template":"","format":"standard","meta":[],"categories":[2,3],"tags":[],"_links":{"self":[{"href":"https:\/\/dgospel.com.br\/portal\/index.php\/wp-json\/wp\/v2\/posts\/2383"}],"collection":[{"href":"https:\/\/dgospel.com.br\/portal\/index.php\/wp-json\/wp\/v2\/posts"}],"about":[{"href":"https:\/\/dgospel.com.br\/portal\/index.php\/wp-json\/wp\/v2\/types\/post"}],"author":[{"embeddable":true,"href":"https:\/\/dgospel.com.br\/portal\/index.php\/wp-json\/wp\/v2\/users\/2"}],"replies":[{"embeddable":true,"href":"https:\/\/dgospel.com.br\/portal\/index.php\/wp-json\/wp\/v2\/comments?post=2383"}],"version-history":[{"count":1,"href":"https:\/\/dgospel.com.br\/portal\/index.php\/wp-json\/wp\/v2\/posts\/2383\/revisions"}],"predecessor-version":[{"id":2385,"href":"https:\/\/dgospel.com.br\/portal\/index.php\/wp-json\/wp\/v2\/posts\/2383\/revisions\/2385"}],"wp:featuredmedia":[{"embeddable":true,"href":"https:\/\/dgospel.com.br\/portal\/index.php\/wp-json\/wp\/v2\/media\/2384"}],"wp:attachment":[{"href":"https:\/\/dgospel.com.br\/portal\/index.php\/wp-json\/wp\/v2\/media?parent=2383"}],"wp:term":[{"taxonomy":"category","embeddable":true,"href":"https:\/\/dgospel.com.br\/portal\/index.php\/wp-json\/wp\/v2\/categories?post=2383"},{"taxonomy":"post_tag","embeddable":true,"href":"https:\/\/dgospel.com.br\/portal\/index.php\/wp-json\/wp\/v2\/tags?post=2383"}],"curies":[{"name":"wp","href":"https:\/\/api.w.org\/{rel}","templated":true}]}}