{"id":2392,"date":"2019-01-24T10:30:29","date_gmt":"2019-01-24T12:30:29","guid":{"rendered":"http:\/\/dgospel.com.br\/portal\/?p=2392"},"modified":"2019-01-24T10:30:29","modified_gmt":"2019-01-24T12:30:29","slug":"evangelicos-venezuelanos-oram-pela-paz-em-meio-a-protestos-massivos-contra-maduro","status":"publish","type":"post","link":"https:\/\/dgospel.com.br\/portal\/index.php\/2019\/01\/24\/evangelicos-venezuelanos-oram-pela-paz-em-meio-a-protestos-massivos-contra-maduro\/","title":{"rendered":"Evang\u00e9licos venezuelanos oram pela paz em meio a protestos massivos contra Maduro"},"content":{"rendered":"<p>Diante das crescentes tens\u00f5es na Venezuela, desde a posse do segundo mandato de Nicol\u00e1s Maduro em 10 de janeiro, v\u00e1rias organiza\u00e7\u00f5es crist\u00e3s venezuelanas pediram para orar em prol da paz no pa\u00eds. Ao mesmo tempo em que milhares de pessoas protestam nas ruas, crist\u00e3os ocupam os espa\u00e7os p\u00fablicos em correntes de ora\u00e7\u00e3o.<\/p>\n<p>Em uma mensagem de v\u00eddeo compartilhada nas m\u00eddias sociais, o pastor Samuel Olson, presidente do Conselho Evang\u00e9lico da Venezuela, convidou a na\u00e7\u00e3o inteira a orar.<\/p>\n<p>\u201cJuntos como uma fam\u00edlia, pediremos a Deus que atrav\u00e9s do Seu Esp\u00edrito Santo cuide, dirija e aben\u00e7oe nossa na\u00e7\u00e3o nesta hora cr\u00edtica de sua hist\u00f3ria\u201d, disse.<\/p>\n<p>Ora\u00e7\u00f5es pela democracia e por um futuro melhor t\u00eam sido feitas pelos evang\u00e9licos em reuni\u00f5es p\u00fablicas.<\/p>\n<p>Enquanto isso, a Uni\u00e3o Confederativa de Igrejas Crist\u00e3s da Venezuela foi muito enf\u00e1tica em uma declara\u00e7\u00e3o p\u00fablica reconhecendo o presidente do Parlamento e l\u00edder da oposi\u00e7\u00e3o Juan Guaid\u00f3 como o novo chefe do pa\u00eds \u201cchamado a conduzir a na\u00e7\u00e3o neste per\u00edodo de transi\u00e7\u00e3o\u201d.<\/p>\n<p>Eles tamb\u00e9m pediram pelo \u201cfim da usurpa\u00e7\u00e3o da presid\u00eancia da Rep\u00fablica\u201d e ainda que seja levantado \u201cum governo urgente de transi\u00e7\u00e3o e elei\u00e7\u00f5es livres no contexto de um grande acordo nacional\u201d.<\/p>\n<p><iframe loading=\"lazy\" title=\"Llaman a la oraci\u00f3n y la paz ante inestabilidad sociopol\u00edtica en Venezuela\" width=\"630\" height=\"354\" src=\"https:\/\/www.youtube.com\/embed\/4Xidd03ay70?feature=oembed\" frameborder=\"0\" allow=\"accelerometer; autoplay; encrypted-media; gyroscope; picture-in-picture\" allowfullscreen><\/iframe><\/p>\n<p>Oposi\u00e7\u00e3o<\/p>\n<p>Juan Guaid\u00f3, o l\u00edder oposicionista que se autodeclarou o novo presidente do pa\u00eds, convocou uma s\u00e9rie de assembleias abertas do conselho da cidade em v\u00e1rias prov\u00edncias.<\/p>\n<p>A oposi\u00e7\u00e3o dentro do pa\u00eds e a maioria dos pa\u00edses latino-americanos disseram n\u00e3o reconhecer Nicol\u00e1s Maduro, pois consideram que as elei\u00e7\u00f5es foram uma fraude.<\/p>\n<p>O Parlamento da Venezuela, a Assembleia Nacional, tem maioria do movimento de oposi\u00e7\u00e3o. Os parlamentares anunciaram que assumiriam as compet\u00eancias do governo.<\/p>\n<p>O presidente do Parlamento, Juan Guaid\u00f3, j\u00e1 foi reconhecido como presidente interino da Venezuela pela Organiza\u00e7\u00e3o dos Estados Americanos (OEA) e pelos EUA.<\/p>\n<p>Na tarde desta quarta-feira (23), o governo brasileiro tamb\u00e9m reconheceu o governo de Guaid\u00f3.<\/p>\n<p>Trump promete usar \u201ctodo poder econ\u00f4mico e diplom\u00e1tico\u201d dos EUA para restaurar a democracia no pa\u00eds.<\/p>\n<p>Na ter\u00e7a-feira (22), centenas de venezuelanos come\u00e7aram a tomar as ruas de v\u00e1rias cidades para protestar contra o regime de Maduro. Uma est\u00e1tua do ex-l\u00edder Hugo Ch\u00e1vez foi incendiada, segundo a imprensa local. Nesta quarta-feira (23) acontece o in\u00edcio das marchas gerais contra o regime.<\/p>\n<p>&nbsp;<\/p>\n<p><strong>Fonte: Guiame\/ Com informa\u00e7\u00f5es do Evangelical Focus\u00a0<\/strong><\/p>\n","protected":false},"excerpt":{"rendered":"<p>Diante das crescentes tens\u00f5es na Venezuela, desde a posse do segundo mandato de Nicol\u00e1s Maduro em 10 de janeiro, v\u00e1rias organiza\u00e7\u00f5es crist\u00e3s venezuelanas pediram para orar em prol da paz no pa\u00eds. Ao mesmo tempo em que milhares de pessoas protestam nas ruas, crist\u00e3os ocupam os espa\u00e7os p\u00fablicos em correntes de ora\u00e7\u00e3o. Em uma mensagem [&hellip;]<\/p>\n","protected":false},"author":2,"featured_media":2393,"comment_status":"open","ping_status":"open","sticky":false,"template":"","format":"standard","meta":[],"categories":[2,10,5],"tags":[],"_links":{"self":[{"href":"https:\/\/dgospel.com.br\/portal\/index.php\/wp-json\/wp\/v2\/posts\/2392"}],"collection":[{"href":"https:\/\/dgospel.com.br\/portal\/index.php\/wp-json\/wp\/v2\/posts"}],"about":[{"href":"https:\/\/dgospel.com.br\/portal\/index.php\/wp-json\/wp\/v2\/types\/post"}],"author":[{"embeddable":true,"href":"https:\/\/dgospel.com.br\/portal\/index.php\/wp-json\/wp\/v2\/users\/2"}],"replies":[{"embeddable":true,"href":"https:\/\/dgospel.com.br\/portal\/index.php\/wp-json\/wp\/v2\/comments?post=2392"}],"version-history":[{"count":1,"href":"https:\/\/dgospel.com.br\/portal\/index.php\/wp-json\/wp\/v2\/posts\/2392\/revisions"}],"predecessor-version":[{"id":2394,"href":"https:\/\/dgospel.com.br\/portal\/index.php\/wp-json\/wp\/v2\/posts\/2392\/revisions\/2394"}],"wp:featuredmedia":[{"embeddable":true,"href":"https:\/\/dgospel.com.br\/portal\/index.php\/wp-json\/wp\/v2\/media\/2393"}],"wp:attachment":[{"href":"https:\/\/dgospel.com.br\/portal\/index.php\/wp-json\/wp\/v2\/media?parent=2392"}],"wp:term":[{"taxonomy":"category","embeddable":true,"href":"https:\/\/dgospel.com.br\/portal\/index.php\/wp-json\/wp\/v2\/categories?post=2392"},{"taxonomy":"post_tag","embeddable":true,"href":"https:\/\/dgospel.com.br\/portal\/index.php\/wp-json\/wp\/v2\/tags?post=2392"}],"curies":[{"name":"wp","href":"https:\/\/api.w.org\/{rel}","templated":true}]}}