{"id":2396,"date":"2019-01-25T18:41:27","date_gmt":"2019-01-25T20:41:27","guid":{"rendered":"http:\/\/dgospel.com.br\/portal\/?p=2396"},"modified":"2019-01-25T18:41:27","modified_gmt":"2019-01-25T20:41:27","slug":"governador-solicita-ao-ministro-lorenzoni-agilidade-na-declaracao-de-reenquadramento-do-estado","status":"publish","type":"post","link":"https:\/\/dgospel.com.br\/portal\/index.php\/2019\/01\/25\/governador-solicita-ao-ministro-lorenzoni-agilidade-na-declaracao-de-reenquadramento-do-estado\/","title":{"rendered":"Governador solicita, ao ministro Lorenzoni, agilidade na declara\u00e7\u00e3o de reenquadramento do Estado"},"content":{"rendered":"<p>O governador do Tocantins, Mauro Carlesse, cumpre agenda em Bras\u00edlia (DF) nesta quinta-feira, 24, e em audi\u00eancia com o ministro-chefe da Casa Civil, Onyx Lorenzoni, o governador Carlesse levou duas solicita\u00e7\u00f5es priorit\u00e1rias para o Estado. A primeira trata-se de uma avalia\u00e7\u00e3o mais \u00e1gil que ateste o reenquadramento do Estado dentro dos limites da Lei de Responsabilidade Fiscal. J\u00e1 segunda, \u00e9 a solicita\u00e7\u00e3o de um Decreto Presidencial que viabilize o asfaltamento da BR-242, no trecho que passa pela Ilha do Bananal, ligando os estados do Tocantins e do Mato Grosso, rodovia tamb\u00e9m conhecida como Transbananal.<\/p>\n<p>De acordo com o governador, diferente de outros estados do pa\u00eds, o Tocantins tem cumprido suas obriga\u00e7\u00f5es fiscais ao reduzir despesas e trabalhar para o incremento da receita. O governador Carlesse apresentou, ao ministro, os dados que comprovam que o Tocantins j\u00e1 pode ser elevado at\u00e9 mesmo para a classifica\u00e7\u00e3o A da Secretaria do Tesouro Nacional (STN), e assim, ter acesso ao financiamento da Caixa Econ\u00f4mica Federal de cerca de R$ 600 milh\u00f5es, que j\u00e1 foi aprovado e ter\u00e1 os recursos liberados assim que o Estado melhorar a atual avalia\u00e7\u00e3o na STN.<\/p>\n<p>&#8220;O Tocantins est\u00e1 trabalhando para se enquadrar na LRF. O que queremos agora \u00e9 que essa avalia\u00e7\u00e3o seja feita o mais r\u00e1pido poss\u00edvel para que o nosso Estado tenha acesso a esses recursos. Assim vamos dar in\u00edcio \u00e0s obras j\u00e1 planejadas, como a ponte de Porto Nacional, as obras em todos os munic\u00edpios. Isso vai gerar 25 mil empregos no Tocantins e vamos alavancar nossa economia\u201d, avaliou o governador.<\/p>\n<p><strong>Transbananal<\/strong><\/p>\n<p>Outra solicita\u00e7\u00e3o do governador Mauro Carlesse, ao Ministro da Casa Civil, foi a edi\u00e7\u00e3o de um Decreto Presidencial que permita o asfaltamento da BR-242, no trecho de 90 km que passa pela Ilha do Bananal. Segundo o governador, essa \u00e9 uma obra de integra\u00e7\u00e3o nacional, que, al\u00e9m de ligar dois estados, vai promover um grande desenvolvimento em toda a regi\u00e3o.<\/p>\n<p>\u201cEssa \u00e9 uma obra vital para o Brasil. Al\u00e9m de ligar os dois estados, vai viabilizar uma regi\u00e3o que hoje n\u00e3o tem como escoar sua produ\u00e7\u00e3o e aguarda essa obra para produzir mais. Essa rodovia vai viabilizar a Ferrovia Norte-Sul, que Governo Federal j\u00e1 anunciou a licita\u00e7\u00e3o do trecho at\u00e9 o interior de S\u00e3o Paulo. Essa produ\u00e7\u00e3o que vir\u00e1 do Mato Grosso, junto com a do Tocantins, vai viabilizar tamb\u00e9m a demanda de cargas da ferrovia, al\u00e9m de\u00a0proporcionar\u00a0um grande desenvolvimento para os dois estados e para o Brasil\u201d, frisou o governador ao Ministro.<\/p>\n<p>O ministro Onyx Lorenzoni recebeu de forma positiva as demandas apresentadas por Mauro Carlesse e afirmou a remessa imediata da documenta\u00e7\u00e3o para an\u00e1lise e que a resposta sobre os pleitos deve acontecer em breve.<\/p>\n<p><strong>Infraestrutura<\/strong><\/p>\n<p>Ainda nesta quinta-feira, 24, o governador Mauro Carlesse tamb\u00e9m ter\u00e1 agenda com o ministro da Infraestrutura, Tarc\u00edsio Gomes de Freitas. O governador pretende tratar sobre a duplica\u00e7\u00e3o da BR-153, da pavimenta\u00e7\u00e3o da BR-235 que liga o Tocantins ao Maranh\u00e3o e tamb\u00e9m sobre a manuten\u00e7\u00e3o da BR-010 (TO-020), que liga Palmas a Aparecida do Rio Negro. Esse trecho j\u00e1 foi repassado \u00e0 Uni\u00e3o, mas segue recebendo manuten\u00e7\u00e3o pelo Governo do Estado, via Ag\u00eancia Tocantinense de Transportes e Obras (Ageto).<\/p>\n","protected":false},"excerpt":{"rendered":"<p>O governador do Tocantins, Mauro Carlesse, cumpre agenda em Bras\u00edlia (DF) nesta quinta-feira, 24, e em audi\u00eancia com o ministro-chefe da Casa Civil, Onyx Lorenzoni, o governador Carlesse levou duas solicita\u00e7\u00f5es priorit\u00e1rias para o Estado. A primeira trata-se de uma avalia\u00e7\u00e3o mais \u00e1gil que ateste o reenquadramento do Estado dentro dos limites da Lei de [&hellip;]<\/p>\n","protected":false},"author":2,"featured_media":2397,"comment_status":"open","ping_status":"open","sticky":false,"template":"","format":"standard","meta":[],"categories":[2,4],"tags":[],"_links":{"self":[{"href":"https:\/\/dgospel.com.br\/portal\/index.php\/wp-json\/wp\/v2\/posts\/2396"}],"collection":[{"href":"https:\/\/dgospel.com.br\/portal\/index.php\/wp-json\/wp\/v2\/posts"}],"about":[{"href":"https:\/\/dgospel.com.br\/portal\/index.php\/wp-json\/wp\/v2\/types\/post"}],"author":[{"embeddable":true,"href":"https:\/\/dgospel.com.br\/portal\/index.php\/wp-json\/wp\/v2\/users\/2"}],"replies":[{"embeddable":true,"href":"https:\/\/dgospel.com.br\/portal\/index.php\/wp-json\/wp\/v2\/comments?post=2396"}],"version-history":[{"count":1,"href":"https:\/\/dgospel.com.br\/portal\/index.php\/wp-json\/wp\/v2\/posts\/2396\/revisions"}],"predecessor-version":[{"id":2398,"href":"https:\/\/dgospel.com.br\/portal\/index.php\/wp-json\/wp\/v2\/posts\/2396\/revisions\/2398"}],"wp:featuredmedia":[{"embeddable":true,"href":"https:\/\/dgospel.com.br\/portal\/index.php\/wp-json\/wp\/v2\/media\/2397"}],"wp:attachment":[{"href":"https:\/\/dgospel.com.br\/portal\/index.php\/wp-json\/wp\/v2\/media?parent=2396"}],"wp:term":[{"taxonomy":"category","embeddable":true,"href":"https:\/\/dgospel.com.br\/portal\/index.php\/wp-json\/wp\/v2\/categories?post=2396"},{"taxonomy":"post_tag","embeddable":true,"href":"https:\/\/dgospel.com.br\/portal\/index.php\/wp-json\/wp\/v2\/tags?post=2396"}],"curies":[{"name":"wp","href":"https:\/\/api.w.org\/{rel}","templated":true}]}}