{"id":2399,"date":"2019-01-25T18:43:32","date_gmt":"2019-01-25T20:43:32","guid":{"rendered":"http:\/\/dgospel.com.br\/portal\/?p=2399"},"modified":"2019-01-25T18:43:32","modified_gmt":"2019-01-25T20:43:32","slug":"em-brasilia-governador-carlesse-discute-duplicacao-da-br-153-ponte-de-xambioa-e-construcao-da-transbananal","status":"publish","type":"post","link":"https:\/\/dgospel.com.br\/portal\/index.php\/2019\/01\/25\/em-brasilia-governador-carlesse-discute-duplicacao-da-br-153-ponte-de-xambioa-e-construcao-da-transbananal\/","title":{"rendered":"Em Bras\u00edlia, governador Carlesse discute duplica\u00e7\u00e3o da BR-153, ponte de Xambio\u00e1 e constru\u00e7\u00e3o da Transbananal"},"content":{"rendered":"<p>No in\u00edcio da noite desta quinta-feira, 24, o governador Mauro Carlesse, que cumpre agenda oficial em Bras\u00edlia (DF), foi recebido em audi\u00eancia pelo ministro da Infraestrutura, Tarc\u00edsio Gomes de Freitas. Na pauta, as rodovias federais que cortam o Tocantins, a ponte de Xambio\u00e1 e a constru\u00e7\u00e3o da\u00a0TO-0500 (BR-242), tamb\u00e9m conhecida como Transbananal.<\/p>\n<p>A primeira solicita\u00e7\u00e3o do governador Carlesse, ao ministro Tarc\u00edsio\u00a0Freitas, foi a duplica\u00e7\u00e3o da BR-153 e que os atrasos na realiza\u00e7\u00e3o dessa obra prejudicam o Estado e o Pa\u00eds. O governador ouviu do ministro que entende a relev\u00e2ncia de sua reivindica\u00e7\u00e3o e que ir\u00e1, j\u00e1 em fevereiro, iniciar os procedimentos para o novo processo licitat\u00f3rio da duplica\u00e7\u00e3o do primeiro trecho que liga An\u00e1polis (GO) a Alian\u00e7a (TO). Este trecho j\u00e1 possui estudos prontos em virtude de j\u00e1 ter sido concedido anteriormente, mas o contrato foi cancelado devido \u00e0\u00a0incapacidade da empresa vencedora. De acordo com o ministro, \u00e9 necess\u00e1ria a realiza\u00e7\u00e3o de consulta p\u00fablica e, em seguida, ocorrer\u00e1 uma nova concess\u00e3o para obras de melhorias, inclusive a duplica\u00e7\u00e3o. O compromisso do ministro Tarc\u00edsio Freitas \u00e9 de que esses procedimentos sejam agilizados e j\u00e1 comecem em fevereiro deste ano.<\/p>\n<p>Em rela\u00e7\u00e3o \u00e0 travessia da Ilha do Bananal, o ministro Tarc\u00edsio Freitas afirmou que em curt\u00edssimo prazo ir\u00e1 repassar ao Estado do Tocantins a concess\u00e3o deste trecho da rodovia, que \u00e9 de 90 km. A medida possibilitar\u00e1, ao Governo do Estado, a busca por parceiros que possibilitem a constru\u00e7\u00e3o da obra. A inten\u00e7\u00e3o do governador Carlesse \u00e9\u00a0viabilizar uma Parceria P\u00fablico-Privada (PPP). \u201cEssa \u00e9 uma das nossas prioridades e a receptividade do ministro nos d\u00e1 a seguran\u00e7a de que vamos fazer logo essa obra que \u00e9 muito importante para o Tocantins, para o Mato Grosso e o Brasil\u201d, disse o governador.<\/p>\n<p>Sobre a ponte de Xambio\u00e1, o governador solicitou ao ministro que possa agilizar a libera\u00e7\u00e3o judicial da obra para que, enfim, os trabalhos iniciem e a liga\u00e7\u00e3o do Tocantins com o Par\u00e1 naquela regi\u00e3o seja feita por meio\u00a0da nova ponte. O ministro j\u00e1 solicitou de sua assessoria, o levantamento completo sobre a situa\u00e7\u00e3o da obra para que a mesma tenha in\u00edcio. Da mesma forma, o governador solicitou que o Governo Federal finalize os tr\u00e2mites para assumir de fato a manuten\u00e7\u00e3o da BR-010 (TO-020), no trecho que liga Palmas a Aparecida do Rio Negro.<\/p>\n<p>\u201cFoi um dia bastante produtivo, pois as audi\u00eancias foram para tratar de projetos de desenvolvimento. Essas obras estruturantes v\u00e3o dar um impulso na economia do Tocantins,\u00a0gerar empregos e\u00a0preparar nosso Estado para receber investimentos privados que v\u00e3o gerar ainda mais empregos. Tanto o ministro Tarc\u00edsio Freitas como o ministro Onyx Lorenzoni entenderam isso e demonstraram todo o apoio a esses projetos\u201d, disse o governador.<\/p>\n<p><strong>Agenda<\/strong><\/p>\n<p>Nesta sexta-feira, 25, o governador Mauro Carlesse tem prevista uma audi\u00eancia com o ministro Carlos Alberto dos Santos Cruz, da Secretaria de Governo. Esta ser\u00e1 a primeira audi\u00eancia oficial do governador com o ministro Santos Cruz. Acompanham o governador na agenda em Bras\u00edlia, o subsecret\u00e1rio das Cidades e Infraestrutura, Renato Assun\u00e7\u00e3o, e o chefe de gabinete do Governador, Divino Alan Siqueira.<\/p>\n","protected":false},"excerpt":{"rendered":"<p>No in\u00edcio da noite desta quinta-feira, 24, o governador Mauro Carlesse, que cumpre agenda oficial em Bras\u00edlia (DF), foi recebido em audi\u00eancia pelo ministro da Infraestrutura, Tarc\u00edsio Gomes de Freitas. Na pauta, as rodovias federais que cortam o Tocantins, a ponte de Xambio\u00e1 e a constru\u00e7\u00e3o da\u00a0TO-0500 (BR-242), tamb\u00e9m conhecida como Transbananal. A primeira solicita\u00e7\u00e3o [&hellip;]<\/p>\n","protected":false},"author":2,"featured_media":2400,"comment_status":"open","ping_status":"open","sticky":false,"template":"","format":"standard","meta":[],"categories":[2,4],"tags":[],"_links":{"self":[{"href":"https:\/\/dgospel.com.br\/portal\/index.php\/wp-json\/wp\/v2\/posts\/2399"}],"collection":[{"href":"https:\/\/dgospel.com.br\/portal\/index.php\/wp-json\/wp\/v2\/posts"}],"about":[{"href":"https:\/\/dgospel.com.br\/portal\/index.php\/wp-json\/wp\/v2\/types\/post"}],"author":[{"embeddable":true,"href":"https:\/\/dgospel.com.br\/portal\/index.php\/wp-json\/wp\/v2\/users\/2"}],"replies":[{"embeddable":true,"href":"https:\/\/dgospel.com.br\/portal\/index.php\/wp-json\/wp\/v2\/comments?post=2399"}],"version-history":[{"count":1,"href":"https:\/\/dgospel.com.br\/portal\/index.php\/wp-json\/wp\/v2\/posts\/2399\/revisions"}],"predecessor-version":[{"id":2401,"href":"https:\/\/dgospel.com.br\/portal\/index.php\/wp-json\/wp\/v2\/posts\/2399\/revisions\/2401"}],"wp:featuredmedia":[{"embeddable":true,"href":"https:\/\/dgospel.com.br\/portal\/index.php\/wp-json\/wp\/v2\/media\/2400"}],"wp:attachment":[{"href":"https:\/\/dgospel.com.br\/portal\/index.php\/wp-json\/wp\/v2\/media?parent=2399"}],"wp:term":[{"taxonomy":"category","embeddable":true,"href":"https:\/\/dgospel.com.br\/portal\/index.php\/wp-json\/wp\/v2\/categories?post=2399"},{"taxonomy":"post_tag","embeddable":true,"href":"https:\/\/dgospel.com.br\/portal\/index.php\/wp-json\/wp\/v2\/tags?post=2399"}],"curies":[{"name":"wp","href":"https:\/\/api.w.org\/{rel}","templated":true}]}}