{"id":240,"date":"2018-05-18T11:12:17","date_gmt":"2018-05-18T14:12:17","guid":{"rendered":"http:\/\/dgospel.com.br\/portal\/?p=240"},"modified":"2018-05-18T11:12:17","modified_gmt":"2018-05-18T14:12:17","slug":"paulo-mourao-visita-comercio-manifesta-apoio-e-pede-votos-a-amastha-em-porto-nacional","status":"publish","type":"post","link":"https:\/\/dgospel.com.br\/portal\/index.php\/2018\/05\/18\/paulo-mourao-visita-comercio-manifesta-apoio-e-pede-votos-a-amastha-em-porto-nacional\/","title":{"rendered":"Paulo Mour\u00e3o visita com\u00e9rcio, manifesta apoio e pede votos a Amastha em Porto Nacional"},"content":{"rendered":"<p class=\"yiv6566761717MsoNormal\">Ao lado do candidato a governador do Tocantins pela coliga\u00e7\u00e3o \u201cA Verdadeira Mudan\u00e7a\u201d, Carlos Amastha (PSB), o deputado estadual Paulo Mour\u00e3o (PT) participou de visita ao com\u00e9rcio de Porto Nacional, manifestou apoio e pediu votos para o ex-prefeito de Palmas para a elei\u00e7\u00e3o suplementar de 3 de junho.<\/p>\n<p class=\"yiv6566761717MsoNormal\">O parlamentar participou de atividades ao lado de Amastha em Porto nessa quinta-feira, dia 17. \u201cH\u00e1 um descr\u00e9dito da popula\u00e7\u00e3o com a pol\u00edtica, mas h\u00e1 ainda boas op\u00e7\u00f5es. Temos que saber em quem votar. \u00c9 importante escolher as pessoas pelo que fizeram, a capacidade e projetos que possui\u201d, disse Mour\u00e3o, ex-prefeito de Porto e ex-deputado federal.<\/p>\n<p class=\"yiv6566761717MsoNormal\">O ex-prefeito de Palmas celebrou a participa\u00e7\u00e3o efetiva do parlamentar na sua campanha. Amastha fez quest\u00e3o de ressaltar, al\u00e9m do prest\u00edgio pol\u00edtico, o conhecimento que Paulo Mour\u00e3o tem sobre o Estado e o trabalho desenvolvido. \u201c[Paulo Mour\u00e3o] Tem um prest\u00edgio enorme em Porto e no Estado por sua hist\u00f3ria, realiza\u00e7\u00f5es e conhecimento de Tocantins. E quero ressaltar que, antes mesmo de sabermos que estar\u00edamos juntos nessa caminhada, l\u00e1 atr\u00e1s, ainda na pr\u00e9-campanha, pedi para a minha equipe para se basear no trabalho de Paulo no Cenovo para montar nosso programa de governo. O Cenovo \u00e9 um trabalho t\u00e9cnico formid\u00e1vel, coordenado por Paulo e muito \u00fatil para quem quer, de fato, mudar a realidade do Tocantins, como n\u00f3s faremos\u201d, disse.<\/p>\n<p class=\"yiv6566761717MsoNormal\">O Cenovo \u00e9 a Comiss\u00e3o Especial de Estudos para o Novo Ordenamento Econ\u00f4mico, Administrativo, Social e Pol\u00edtico do Tocantins. Desde o ano passado, sob a coordena\u00e7\u00e3o de Mour\u00e3o, o trabalho \u00e9 feito na busca de um diagn\u00f3stico da situa\u00e7\u00e3o real do Tocantins e os anseios da popula\u00e7\u00e3o nas mais diferentes regi\u00f5es.<\/p>\n<p class=\"yiv6566761717MsoNormal\">\n<p class=\"yiv6566761717MsoNormal\"><b>Compromisso com Porto e portuenses<\/b><\/p>\n<p class=\"yiv6566761717MsoNormal\">\n<p class=\"yiv6566761717MsoNormal\">Em Porto, Amastha participou de uma s\u00e9rie de atividades. Pela manh\u00e3, foi recebido para caf\u00e9 da manh\u00e3 na resid\u00eancia do agente comunit\u00e1rio Paulo C\u00e9sar Lemos, no distrito de Pinheir\u00f3polis. Amastha tamb\u00e9m foi convidado a almo\u00e7ar na resid\u00eancia de l\u00edder comunit\u00e1rio Silva Barbeiro, na Vila Oper\u00e1ria. No restante do dia, Amastha fez caminhada pelas ruas de Porto, visitou comerciantes e conversou com moradores.<\/p>\n<p class=\"yiv6566761717MsoNormal\">\n<p class=\"yiv6566761717MsoNormal\">\u00c0 noite, encerrando a agenda, Amastha se reuniu com moradores no Setor Nova Capital. Al\u00e9m de Paulo Mour\u00e3o, estavam ao lado de Amastha os deputados estaduais Z\u00e9 Roberto (PT), Ricardo Aires (PSB) e o vereador portuense Chico Silva (PT). Nesta reuni\u00e3o, Paulo Mour\u00e3o refor\u00e7ou o pedido de voto e elencou algumas reivindica\u00e7\u00f5es de Porto para Amastha. \u201cO compromisso \u00e9 cuidar do nosso povo, de Porto e do Tocantins. A sa\u00fade \u00e9 um caos, estamos abandonados na \u00e1rea de seguran\u00e7a. O governo que estava nos traiu, n\u00e3o cumpriu os compromissos com Porto, mas com Amastha \u00e9 diferente. Ele cumpre\u201d, disse.<\/p>\n<p class=\"yiv6566761717MsoNormal\">Outra importante reivindica\u00e7\u00e3o \u00e9 a constru\u00e7\u00e3o da ponte sobre o Rio Tocantins. \u201cToda elei\u00e7\u00e3o prometem que a ponte sair\u00e1 do papel. Um senador chegou a anunciar novamente. Mas, ao enviar emendas, ele mandou emenda para Aragua\u00edna e esqueceu de Porto. N\u00e3o que Aragua\u00edna n\u00e3o precise. Precisa, sim, \u00e9 outra importante cidade do Estado, mas onde est\u00e1 o apoio a Porto?\u201d, questionou.<\/p>\n<p class=\"yiv6566761717MsoNormal\">\n<p class=\"yiv6566761717MsoNormal\"><b>Chegou a hora de colocar a casa em ordem<\/b><\/p>\n<p class=\"yiv6566761717MsoNormal\">\n<p class=\"yiv6566761717MsoNormal\">O presidente estadual do PT, deputado Z\u00e9 Roberto, ratificou a confian\u00e7a em Amastha para come\u00e7ar a resolver os problemas do Estado. \u201cA sa\u00fade do Estado n\u00e3o funciona. Em Palmas, a sa\u00fade municipal funciona muito bem. A seguran\u00e7a do Estado est\u00e1 largada, mas em Palmas \u00e9 bem eficiente. Sabemos que neste mandato tamp\u00e3o n\u00e3o ser\u00e1 poss\u00edvel resolver tudo, mas Amastha tem condi\u00e7\u00f5es de come\u00e7ar a colocar a casa em ordem. Ele \u00e9 preparado e mostrou isso na prefeitura de Palmas.\u201d<\/p>\n<p class=\"yiv6566761717MsoNormal\">J\u00e1 o deputado Ricardo Aires ressaltou que Amastha \u00e9 a alternativa para \u201cvirar a p\u00e1gina\u201d deste momento de crise no Tocantins. \u201cA\u00e7\u00f5es que Amastha fez em Palmas e Paulo Mour\u00e3o fez em Porto precisam chegar aos outros munic\u00edpios do Tocantins. Os hospitais do Estado n\u00e3o funcionam e h\u00e1 um descontrole das contas do Estado. Porto confia no seu talento administrativo, Amastha. E desejamos que chegue \u00e0s outras cidades aquilo que voc\u00ea fez em Palmas, onde a seguran\u00e7a, educa\u00e7\u00e3o e sa\u00fade s\u00e3o de qualidade\u201d, destacou.<\/p>\n","protected":false},"excerpt":{"rendered":"<p>Ao lado do candidato a governador do Tocantins pela coliga\u00e7\u00e3o \u201cA Verdadeira Mudan\u00e7a\u201d, Carlos Amastha (PSB), o deputado estadual Paulo Mour\u00e3o (PT) participou de visita ao com\u00e9rcio de Porto Nacional, manifestou apoio e pediu votos para o ex-prefeito de Palmas para a elei\u00e7\u00e3o suplementar de 3 de junho. O parlamentar participou de atividades ao lado [&hellip;]<\/p>\n","protected":false},"author":2,"featured_media":241,"comment_status":"open","ping_status":"open","sticky":false,"template":"","format":"standard","meta":[],"categories":[2,4],"tags":[],"_links":{"self":[{"href":"https:\/\/dgospel.com.br\/portal\/index.php\/wp-json\/wp\/v2\/posts\/240"}],"collection":[{"href":"https:\/\/dgospel.com.br\/portal\/index.php\/wp-json\/wp\/v2\/posts"}],"about":[{"href":"https:\/\/dgospel.com.br\/portal\/index.php\/wp-json\/wp\/v2\/types\/post"}],"author":[{"embeddable":true,"href":"https:\/\/dgospel.com.br\/portal\/index.php\/wp-json\/wp\/v2\/users\/2"}],"replies":[{"embeddable":true,"href":"https:\/\/dgospel.com.br\/portal\/index.php\/wp-json\/wp\/v2\/comments?post=240"}],"version-history":[{"count":1,"href":"https:\/\/dgospel.com.br\/portal\/index.php\/wp-json\/wp\/v2\/posts\/240\/revisions"}],"predecessor-version":[{"id":242,"href":"https:\/\/dgospel.com.br\/portal\/index.php\/wp-json\/wp\/v2\/posts\/240\/revisions\/242"}],"wp:featuredmedia":[{"embeddable":true,"href":"https:\/\/dgospel.com.br\/portal\/index.php\/wp-json\/wp\/v2\/media\/241"}],"wp:attachment":[{"href":"https:\/\/dgospel.com.br\/portal\/index.php\/wp-json\/wp\/v2\/media?parent=240"}],"wp:term":[{"taxonomy":"category","embeddable":true,"href":"https:\/\/dgospel.com.br\/portal\/index.php\/wp-json\/wp\/v2\/categories?post=240"},{"taxonomy":"post_tag","embeddable":true,"href":"https:\/\/dgospel.com.br\/portal\/index.php\/wp-json\/wp\/v2\/tags?post=240"}],"curies":[{"name":"wp","href":"https:\/\/api.w.org\/{rel}","templated":true}]}}