{"id":2402,"date":"2019-01-28T11:12:17","date_gmt":"2019-01-28T13:12:17","guid":{"rendered":"http:\/\/dgospel.com.br\/portal\/?p=2402"},"modified":"2019-01-29T11:30:07","modified_gmt":"2019-01-29T13:30:07","slug":"missao-humanitaria-de-israel-comeca-os-trabalhos-hoje-em-brumadinho","status":"publish","type":"post","link":"https:\/\/dgospel.com.br\/portal\/index.php\/2019\/01\/28\/missao-humanitaria-de-israel-comeca-os-trabalhos-hoje-em-brumadinho\/","title":{"rendered":"Miss\u00e3o humanit\u00e1ria de Israel come\u00e7a os trabalhos em Brumadinho"},"content":{"rendered":"<p>As for\u00e7as de Defesa de Israel (IDF, sigla em ingl\u00eas) chegou em Minas Gerais com 136 militares especializados em resgate, que formam sua comitiva de ajuda humanit\u00e1ria ao Brasil. O grupo desembarcou no Aeroporto Internacional de Belo Horizonte (MG), \u00e0s 21h20 do domingo (27), e foi recepcionado pelo governador mineiro Romeu Zuma.<\/p>\n<p>Depois de o\u00a0<strong><a href=\"https:\/\/guiame.com.br\/gospel\/noticias\/israel-e-brasil-trabalharao-juntos-no-resgate-das-vitimas-da-tragedia-em-brumadinho.html\">presidente Jair Bolsonaro aceitar a oferta feita pelo primeiro-ministro israelense Benjamin Netanyahu<\/a><\/strong>\u00a0no s\u00e1bado (26), a equipe saiu de Jerusal\u00e9m em dire\u00e7\u00e3o Brasil.<\/p>\n<p>Com a hashtag IDF no Brasil (#IDFinBrazil), o grupo postou uma foto em sua conta no Twitter antes de sair de Israel com os seguintes dizeres: \u201cSalvar vidas n\u00e3o \u00e9 sobre o qu\u00e3o grande \u00e9 a dist\u00e2ncia, \u00e9 sobre at\u00e9 onde voc\u00ea est\u00e1 disposto a ir\u201d.<\/p>\n<p>A delega\u00e7\u00e3o inclui engenheiros, m\u00e9dicos, bombeiros e especialistas em buscas e resgates. Os trabalhos de resgate das v\u00edtimas do rompimento da barragem da mineradora Vale come\u00e7aram nesta segunda-feira, 28.<\/p>\n<p><strong>Ajuda humanit\u00e1ria<\/strong><\/p>\n<p>De acordo com o general Augusto Heleno, ministro do Gabinete de Seguran\u00e7a P\u00fablica da Presid\u00eancia (GSI), o avi\u00e3o israelense \u201ctraz toneladas de equipamentos de alta tecnologia capazes de identificar a presen\u00e7a de corpos e de outras situa\u00e7\u00f5es utilizando meios eletr\u00f4nicos\u201d.<\/p>\n<p>Israel chega ao Brasil trazendo tecnologia de ponta, como detectores e sonares, utilizados em situa\u00e7\u00f5es de desabamentos e grandes rupturas para cooperar com as equipes brasileiras que trabalham no resgate \u00e0s v\u00edtimas do rompimento da barreira de rejeitos da Vale, na tarde de sexta-feira (25) em Brumadinho.<\/p>\n<p>At\u00e9 \u00e0s 9 horas desta segunda-feira (28), o n\u00famero oficial de mortos \u00e9 de 58 pessoas. H\u00e1 mais de 350 desaparecidos, cuja miss\u00e3o de buscas ter\u00e1 participa\u00e7\u00e3o do IDF. As buscas realizadas at\u00e9 o momento resgatou 192 pessoas.<\/p>\n<p><strong>A\u00e7\u00f5es paralelas<\/strong><\/p>\n<p>Os\u00a0<strong><a href=\"https:\/\/guiame.com.br\/gospel\/noticias\/fe-dos-soldados-messianicos-em-jesus-e-apreciada-por-64-do-exercito-de-israel.html\">soldados israelenses<\/a><\/strong>\u00a0(composto por homens e mulheres) come\u00e7am a operar na chamada zona quente, no C\u00f3rrego do feij\u00e3o, onde aconteceu o rompimento, para dali serem enviados para outros locais. Segundo o porta-voz do IDF, j\u00e1 houve sobrevoo de helic\u00f3ptero para fazer reconhecimento do local. Ele disse ter considerado as circunst\u00e2ncias bastante dif\u00edceis e perigosas.<\/p>\n<p>De acordo com o tenente Pedro Aihara, do Corpo de Bombeiros mineiro, o trabalho ser\u00e1 feito de forma coordenada com as equipes brasileiras, composta pelos chamados grupos de resposta, de diversos \u00f3rg\u00e3os, como defesa Civil, al\u00e9m dos 280 homens do Corpo de Bombeiros de Minas Gerais.<\/p>\n<p>Ele disse que a tecnologia \u00e9 um dos grandes trunfos para a opera\u00e7\u00e3o dos grupos de salvamentos, que est\u00e3o utilizando drones, c\u00e2maras termais, equipamentos de referenciamento geogr\u00e1fico e aparelhos para detectar sinais de celulares. \u201cJ\u00e1 fizemos reuni\u00f5es com o Ex\u00e9rcito de Israel sobre a parte t\u00e9cnica para adequar o aparato tecnologia para a realidade do nosso pa\u00eds\u201d.<\/p>\n<p>O IDF j\u00e1 participou de ajuda humanit\u00e1ria em trag\u00e9dias de grandes propor\u00e7\u00f5es nos seguintes pa\u00edses: Gr\u00e9cia (1953), M\u00e9xico (1985), Arm\u00eania (1988), Cro\u00e1cia (1992), Argentina (1994), Rep\u00fablica Dominicana (1994), Qu\u00eania (1988), Maced\u00f4nia e Turquia (1999), \u00cdndia (2001), Egito e Sri Lanka (2004), Estados Unidos (2005), Haiti e Col\u00f4mbia (2010), Jap\u00e3o (2001), Bulg\u00e1ria (2012), Filipinas (2013), Nepal (2014), M\u00e9xico (2017).<\/p>\n<p>FONTE: GUIAME, COM INFORMA\u00c7\u00d5ES DO ESTAD\u00c3O<\/p>\n","protected":false},"excerpt":{"rendered":"<p>As for\u00e7as de Defesa de Israel (IDF, sigla em ingl\u00eas) chegou em Minas Gerais com 136 militares especializados em resgate, que formam sua comitiva de ajuda humanit\u00e1ria ao Brasil. O grupo desembarcou no Aeroporto Internacional de Belo Horizonte (MG), \u00e0s 21h20 do domingo (27), e foi recepcionado pelo governador mineiro Romeu Zuma. Depois de o\u00a0presidente [&hellip;]<\/p>\n","protected":false},"author":2,"featured_media":2403,"comment_status":"open","ping_status":"open","sticky":false,"template":"","format":"standard","meta":[],"categories":[2,6],"tags":[],"_links":{"self":[{"href":"https:\/\/dgospel.com.br\/portal\/index.php\/wp-json\/wp\/v2\/posts\/2402"}],"collection":[{"href":"https:\/\/dgospel.com.br\/portal\/index.php\/wp-json\/wp\/v2\/posts"}],"about":[{"href":"https:\/\/dgospel.com.br\/portal\/index.php\/wp-json\/wp\/v2\/types\/post"}],"author":[{"embeddable":true,"href":"https:\/\/dgospel.com.br\/portal\/index.php\/wp-json\/wp\/v2\/users\/2"}],"replies":[{"embeddable":true,"href":"https:\/\/dgospel.com.br\/portal\/index.php\/wp-json\/wp\/v2\/comments?post=2402"}],"version-history":[{"count":2,"href":"https:\/\/dgospel.com.br\/portal\/index.php\/wp-json\/wp\/v2\/posts\/2402\/revisions"}],"predecessor-version":[{"id":2427,"href":"https:\/\/dgospel.com.br\/portal\/index.php\/wp-json\/wp\/v2\/posts\/2402\/revisions\/2427"}],"wp:featuredmedia":[{"embeddable":true,"href":"https:\/\/dgospel.com.br\/portal\/index.php\/wp-json\/wp\/v2\/media\/2403"}],"wp:attachment":[{"href":"https:\/\/dgospel.com.br\/portal\/index.php\/wp-json\/wp\/v2\/media?parent=2402"}],"wp:term":[{"taxonomy":"category","embeddable":true,"href":"https:\/\/dgospel.com.br\/portal\/index.php\/wp-json\/wp\/v2\/categories?post=2402"},{"taxonomy":"post_tag","embeddable":true,"href":"https:\/\/dgospel.com.br\/portal\/index.php\/wp-json\/wp\/v2\/tags?post=2402"}],"curies":[{"name":"wp","href":"https:\/\/api.w.org\/{rel}","templated":true}]}}