{"id":2412,"date":"2019-01-29T10:26:12","date_gmt":"2019-01-29T12:26:12","guid":{"rendered":"http:\/\/dgospel.com.br\/portal\/?p=2412"},"modified":"2019-01-29T10:26:12","modified_gmt":"2019-01-29T12:26:12","slug":"pastor-e-atacado-com-facao-durante-culto-em-mato-grosso","status":"publish","type":"post","link":"https:\/\/dgospel.com.br\/portal\/index.php\/2019\/01\/29\/pastor-e-atacado-com-facao-durante-culto-em-mato-grosso\/","title":{"rendered":"Pastor \u00e9 atacado com fac\u00e3o durante culto, em Mato Grosso"},"content":{"rendered":"<p>O pastor de uma igreja no munic\u00edpio de Sorriso, em Mato Grosso,\u00a0<a href=\"https:\/\/guiame.com.br\/gospel\/videos\/pastor-e-esfaqueado-por-jovem-durante-culto-mas-sobrevive-o-pior-nao-aconteceu.html\"><strong>foi atacado<\/strong><\/a>\u00a0pelas costas com um fac\u00e3o por um rapaz de 19 anos, durante um culto na noite de s\u00e1bado (26).<\/p>\n<p>Tr\u00eas golpes acertaram as costas do pastor Jos\u00e9 Carlos da Silva, de 53 anos, na Igreja Evang\u00e9lica Nova Alian\u00e7a, no Bairro Rota do Sol, a 420 km de Cuiab\u00e1.<\/p>\n<p>Segundo a Pol\u00edcia Militar, o agressor Dionatan Fernando de Sousa estava \u201ctranstornado\u201d por causa do falecimento da m\u00e3e e procurou a igreja para pedir ora\u00e7\u00e3o.<\/p>\n<p>No momento da ora\u00e7\u00e3o, o rapaz\u00a0<a href=\"https:\/\/guiame.com.br\/gospel\/noticias\/pastor-atacado-com-faca-durante-culto-perdoou-agressor-encontrei-com-ele-varias-vezes.html\"><strong>pegou o fac\u00e3o<\/strong><\/a>\u00a0que estava na cintura e partiu para cima do pastor, de acordo com o relato das testemunhas. Jos\u00e9 Carlos foi levado ao hospital sem les\u00f5es graves.<\/p>\n<p>\u201c\u00c9 uma situa\u00e7\u00e3o at\u00edpica. O que a gente conseguiu verificar \u00e9 que ele teria perdido a m\u00e3e, no \u00faltimo domingo, e foi at\u00e9 a igreja pedir ora\u00e7\u00e3o. Por\u00e9m, enquanto [os fi\u00e9is] oravam, ele levantou transtornado e, de posse do fac\u00e3o, desferiu alguns golpes de \u2018prancha\u2019 nas costas do pastor\u201d, disse o cabo Fernando Souza ao site S\u00f3 Not\u00edcias.<\/p>\n<p>A PM informou que depois de esfaquear o pastor, Dionatan voltou \u00e0 igreja, amea\u00e7ou os fi\u00e9is e saiu novamente. Ele ainda teria \u201crasgado\u201d as roupas de alguns membros da igreja, que tentaram evitar as agress\u00f5es ao pastor.<\/p>\n<p>Um dos fi\u00e9is disse \u00e0 pol\u00edcia que viu o suspeito entrando no p\u00e1tio de um lava-jato perto da igreja. A pol\u00edcia ent\u00e3o foi local e prendeu o suspeito, que n\u00e3o reagiu e ainda informou onde estava o fac\u00e3o usado no crime. O fac\u00e3o estava escondido atr\u00e1s de um sof\u00e1.<\/p>\n<p>\u201cCom base nas caracter\u00edsticas, fizemos dilig\u00eancias e, em um dos endere\u00e7os, encontramos o cidad\u00e3o, que n\u00e3o esbo\u00e7ou rea\u00e7\u00e3o\u201d, contou Fernando.<\/p>\n<p>Dionatan Fernando de Sousa foi conduzido \u00e0 delegacia e foi autuado por les\u00e3o corporal e amea\u00e7a. O caso ser\u00e1 apurado pela pol\u00edcia.<\/p>\n<p>&nbsp;<\/p>\n<p>FONTE: GUIAME, COM INFORMA\u00c7\u00d5ES DO G1<\/p>\n","protected":false},"excerpt":{"rendered":"<p>O pastor de uma igreja no munic\u00edpio de Sorriso, em Mato Grosso,\u00a0foi atacado\u00a0pelas costas com um fac\u00e3o por um rapaz de 19 anos, durante um culto na noite de s\u00e1bado (26). Tr\u00eas golpes acertaram as costas do pastor Jos\u00e9 Carlos da Silva, de 53 anos, na Igreja Evang\u00e9lica Nova Alian\u00e7a, no Bairro Rota do Sol, [&hellip;]<\/p>\n","protected":false},"author":2,"featured_media":2413,"comment_status":"open","ping_status":"open","sticky":false,"template":"","format":"standard","meta":[],"categories":[2,5],"tags":[],"_links":{"self":[{"href":"https:\/\/dgospel.com.br\/portal\/index.php\/wp-json\/wp\/v2\/posts\/2412"}],"collection":[{"href":"https:\/\/dgospel.com.br\/portal\/index.php\/wp-json\/wp\/v2\/posts"}],"about":[{"href":"https:\/\/dgospel.com.br\/portal\/index.php\/wp-json\/wp\/v2\/types\/post"}],"author":[{"embeddable":true,"href":"https:\/\/dgospel.com.br\/portal\/index.php\/wp-json\/wp\/v2\/users\/2"}],"replies":[{"embeddable":true,"href":"https:\/\/dgospel.com.br\/portal\/index.php\/wp-json\/wp\/v2\/comments?post=2412"}],"version-history":[{"count":1,"href":"https:\/\/dgospel.com.br\/portal\/index.php\/wp-json\/wp\/v2\/posts\/2412\/revisions"}],"predecessor-version":[{"id":2414,"href":"https:\/\/dgospel.com.br\/portal\/index.php\/wp-json\/wp\/v2\/posts\/2412\/revisions\/2414"}],"wp:featuredmedia":[{"embeddable":true,"href":"https:\/\/dgospel.com.br\/portal\/index.php\/wp-json\/wp\/v2\/media\/2413"}],"wp:attachment":[{"href":"https:\/\/dgospel.com.br\/portal\/index.php\/wp-json\/wp\/v2\/media?parent=2412"}],"wp:term":[{"taxonomy":"category","embeddable":true,"href":"https:\/\/dgospel.com.br\/portal\/index.php\/wp-json\/wp\/v2\/categories?post=2412"},{"taxonomy":"post_tag","embeddable":true,"href":"https:\/\/dgospel.com.br\/portal\/index.php\/wp-json\/wp\/v2\/tags?post=2412"}],"curies":[{"name":"wp","href":"https:\/\/api.w.org\/{rel}","templated":true}]}}