{"id":2415,"date":"2019-01-29T10:35:25","date_gmt":"2019-01-29T12:35:25","guid":{"rendered":"http:\/\/dgospel.com.br\/portal\/?p=2415"},"modified":"2019-01-29T10:35:25","modified_gmt":"2019-01-29T12:35:25","slug":"igrejas-de-brumadinho-se-mobilizam-para-ajudar-vitimas-da-tragedia","status":"publish","type":"post","link":"https:\/\/dgospel.com.br\/portal\/index.php\/2019\/01\/29\/igrejas-de-brumadinho-se-mobilizam-para-ajudar-vitimas-da-tragedia\/","title":{"rendered":"Igrejas de Brumadinho se mobilizam para ajudar v\u00edtimas da trag\u00e9dia"},"content":{"rendered":"<p><img loading=\"lazy\" class=\"alignnone size-medium wp-image-2417\" src=\"http:\/\/dgospel.com.br\/portal\/wp-content\/uploads\/2019\/01\/0-61-300x169.jpg\" alt=\"\" width=\"300\" height=\"169\" srcset=\"https:\/\/dgospel.com.br\/portal\/wp-content\/uploads\/2019\/01\/0-61-300x169.jpg 300w, https:\/\/dgospel.com.br\/portal\/wp-content\/uploads\/2019\/01\/0-61-768x432.jpg 768w, https:\/\/dgospel.com.br\/portal\/wp-content\/uploads\/2019\/01\/0-61-1024x576.jpg 1024w, https:\/\/dgospel.com.br\/portal\/wp-content\/uploads\/2019\/01\/0-61.jpg 1366w\" sizes=\"(max-width: 300px) 100vw, 300px\" \/>As igrejas evang\u00e9licas de\u00a0<strong><a href=\"https:\/\/guiame.com.br\/gospel\/noticias\/israel-e-brasil-trabalharao-juntos-no-resgate-das-vitimas-da-tragedia-em-brumadinho.html\">Brumadinho<\/a><\/strong>\u00a0est\u00e3o completamente envolvidas com a trag\u00e9dia que se abateu sobre a cidade, atingindo fam\u00edlias e membros das igrejas, provocando perdas materiais e de vidas humanas. A cidade com cerca de 40 mil pessoas passa pelo pior momento de sua hist\u00f3ria de apenas 80 anos.<\/p>\n<p>\u201cEstamos estupefatos com tudo o que aconteceu. Mais uma vez uma trag\u00e9dia nas nossas Minas Gerais\u201d, desabafou o pastor Marcio dos Santos, diretor-executivo da Conven\u00e7\u00e3o Batista Mineira que est\u00e1 \u00e0 frente do plano de a\u00e7\u00e3o para ajudar as v\u00edtimas e os familiares atingidos pelo rompimento da barragem da Vale, em Brumadinho, na \u00faltima sexta-feira (25).<\/p>\n<p>O pastor M\u00e1rcio esteve ao lado do governador de Minas, Romeu Zema, na recep\u00e7\u00e3o aos soldados do Ex\u00e9rcito de Israel que, por sua experi\u00eancia e expertise em grandes desastres, chegou em Minas ontem para dar apoio \u00e0s autoridades brasileiras que trabalham na cidade.<\/p>\n<p>&#8220;O apoio das igrejas tem sido amplo, al\u00e9m de a\u00e7\u00f5es sociais com arrecada\u00e7\u00f5es de roupas, rem\u00e9dios e \u00e1gua, h\u00e1 um grande envolvimento de apoio espiritual, com visitas a casas e ora\u00e7\u00f5es&#8221;, destacou a presidente do Conselho de Pastores Evang\u00e9licos de Brumadinho, a pastora Maria da Concei\u00e7\u00e3o Lima dos Santos.<\/p>\n<p>\u201cNosso sentimento \u00e9 de profunda de tristeza. Estamos orando em todo o tempo oferecendo apoio e sustenta\u00e7\u00e3o espiritual para as v\u00edtimas\u201d, disse a presidente do COPEB, que \u00e9 pastora da Igreja do Evangelho Quadrangular, em entrevista exclusiva ao\u00a0<strong>Guiame<\/strong>.<\/p>\n<p>De acordo com as pastora Concei\u00e7\u00e3o, 12 igrejas est\u00e3o envolvidas com apoio \u00e0s v\u00edtimas, entre as quais, a Quadrangular, a Assembleia de Deus, a Batista Eben\u00e9zer e a Primeira Batista de Brumadinho. \u201cEstamos de plant\u00e3o para visitas e ora\u00e7\u00e3o. Estamos unidos em for\u00e7a e unidade, buscando os princ\u00edpios, cumprindo a Palavra de Deus do verdadeiro amor de Jesus\u201d, disse.<\/p>\n<p><strong>A\u00e7\u00e3o<\/strong><\/p>\n<p>Uma das a\u00e7\u00f5es que a Primeira Igreja Batista de Brumadinho est\u00e1 realizando \u00e9 o suporte aos socorristas e volunt\u00e1rios envolvidos com os resgates. \u201cN\u00f3s estamos instalando m\u00e1quinas para lavar as fardas dos que est\u00e3o trabalhando\u201d, disse o seminarista Aquarius Campos, que est\u00e1 coordenando as a\u00e7\u00f5es. Segundo ele, este mesmo suporte ser\u00e1 oferecido aos soldados do\u00a0<strong><a href=\"https:\/\/guiame.com.br\/gospel\/noticias\/missao-humanitaria-de-israel-comeca-os-trabalhos-hoje-em-brumadinho.html\">IDF (For\u00e7as de Defesa de Israel), que chegaram a Minas para dar suporte \u00e0s v\u00edtimas<\/a><\/strong>.\u00a0\u201cA ideia \u00e9 lavar, passar e embalar as fardas para entregar aos que est\u00e3o trabalhando\u201d, disse.<\/p>\n<p>O diretor-executivo da Conven\u00e7\u00e3o Batista Mineira disse que doa\u00e7\u00f5es como roupas, alimentos e \u00e1gua j\u00e1 n\u00e3o s\u00e3o mais necess\u00e1rias, agora a ajuda deve ser com rela\u00e7\u00e3o \u00e0s moradias das v\u00edtimas. \u00a0Para isso, ele pediu que todos os batistas se mobilizem com a finalidade de levantar recursos para reconstruir as casas destru\u00eddas.<\/p>\n<p>Membros da igreja Batista, Laura e Abel perderam tudo. \u201cOuvi um barulho de \u00e1rvores batendo, a menina estava nos fundos da casa e come\u00e7ou a gritar. Sa\u00ed para fora e o barro j\u00e1 estava em nossa casa\u201d, conta Abel, um morador sobrevivente, mas que perdeu tudo.<\/p>\n<p>O pastor Marcio conta que em Mariana a\u00a0 Conven\u00e7\u00e3o Batista teve o mesmo envolvimento. \u201cN\u00f3s que tivemos muito pr\u00f3ximos em Mariana apoiando as fam\u00edlias, inclusive at\u00e9 hoje mantemos base naquela cidade\u201d. Ele disse que em Brumadinho \u00e9 hora de oferecer outro tipo de ajuda tamb\u00e9m. \u201cPrecisamos reconstruir as casas destas pessoas que perderam tudo, como a Laura e o Abel que s\u00e3o membros da igreja\u201d.<\/p>\n<p>Ele disse que a Conven\u00e7\u00e3o Batista est\u00e1 comprometida com esse tipo de a\u00e7\u00e3o. \u201cPrecisamos fazer a diferen\u00e7a na vida dessas pessoas e mostrar Jesus de forma pr\u00e1tica\u201d, disse o pastor Marcio.<\/p>\n<p>Auxiliar do pastor Jo\u00e3o Luiz, da Primeira Igreja Batista em Brumadinho, Aquarius disse ainda que a igreja vai receber um \u00f4nibus equipado para ajudar em a\u00e7\u00f5es de sa\u00fade, com equipes de volunt\u00e1rios que dar\u00e3o suporte \u00e0s pessoas. Entre os volunt\u00e1rios est\u00e1 uma mission\u00e1ria da cidade de Barra Longa, que atuou diretamente na trag\u00e9dia ocorrida em Mariana. \u201cEla tem experi\u00eancia\u201d, disse Aquarius.<\/p>\n<p>Ele explicou ainda que foi criado um fundo, por meio da Conven\u00e7\u00e3o Batista Mineira, para custear as a\u00e7\u00f5es de socorro e apoio \u00e0s v\u00edtimas. \u201cO gerenciamento ser\u00e1 feito pela Conven\u00e7\u00e3o e o direcionamento das necessidades apontado pela igreja local\u201d, explicou.<\/p>\n<p><strong>Ora\u00e7\u00e3o<\/strong><\/p>\n<p>A dor e o sofrimento das fam\u00edlias t\u00eam sido imensos. Nesta segunda-feira (28), o pastor Jo\u00e3o Luiz realizou o culto f\u00fanebre de um homem, v\u00edtima do rompimento da barragem, ex-membro da igreja que foi batizado por ele. Caber\u00e1 ao pastor tamb\u00e9m centralizar a ajuda enviada pela Conven\u00e7\u00e3o \u00e0 cidade.<\/p>\n<p>Muitas ora\u00e7\u00f5es t\u00eam sido feitas pelas v\u00edtimas. Para Ronaldo Adriano da Silva, que cuida da Comunica\u00e7\u00e3o da Igreja Eben\u00e9zer, presidida pelo pastor Jos\u00e9 Ricardo Santana, \u201cno momento, o que mais precisamos \u00e9 de ora\u00e7\u00e3o e cremos que Deus nos consola e nos sustenta\u201d.<\/p>\n<p>A presidente do COPEB tamb\u00e9m fala que o maior apoio agora n\u00e3o s\u00e3o alimentos ou outros donativos, mas o suporte espiritual. \u201cAs igrejas t\u00eam suas equipes, que est\u00e3o sendo direcionadas aos lares e \u00e0s fam\u00edlias para dar suporte espiritual e ora\u00e7\u00e3o. Estamos em plant\u00e3o, em alerta em todo momento, prontos para as convoca\u00e7\u00f5es feitas pelos irm\u00e3os. Estamos fazendo tudo conforme est\u00e1 em nossa possiblidade e habilidade para fazer\u201d.<\/p>\n<p>A pastora disse esperar que essa trag\u00e9dia possa ser ponto de maior unidade entre as igrejas, como acontecia na igreja primitiva, onde tudo era compartilhado. \u201cQue Deus aben\u00e7oe a todos os pastores de cada igreja, a cada denomina\u00e7\u00e3o, a cada membro e n\u00f3s que estamos sofrendo as consequ\u00eancias dessa grande trag\u00e9dia e prova\u00e7\u00e3o que atingiu a todos n\u00f3s, que com ela possamos aprender a sermos um\u201d, disse a pastora Concei\u00e7\u00e3o.<\/p>\n<p><strong>\u00a0<\/strong><\/p>\n<p><strong>\u00a0<\/strong>FONTE: GUIAME, ADRIANA BERNARDO<\/p>\n","protected":false},"excerpt":{"rendered":"<p>As igrejas evang\u00e9licas de\u00a0Brumadinho\u00a0est\u00e3o completamente envolvidas com a trag\u00e9dia que se abateu sobre a cidade, atingindo fam\u00edlias e membros das igrejas, provocando perdas materiais e de vidas humanas. A cidade com cerca de 40 mil pessoas passa pelo pior momento de sua hist\u00f3ria de apenas 80 anos. \u201cEstamos estupefatos com tudo o que aconteceu. Mais [&hellip;]<\/p>\n","protected":false},"author":2,"featured_media":2416,"comment_status":"open","ping_status":"open","sticky":false,"template":"","format":"standard","meta":[],"categories":[2,5,6],"tags":[],"_links":{"self":[{"href":"https:\/\/dgospel.com.br\/portal\/index.php\/wp-json\/wp\/v2\/posts\/2415"}],"collection":[{"href":"https:\/\/dgospel.com.br\/portal\/index.php\/wp-json\/wp\/v2\/posts"}],"about":[{"href":"https:\/\/dgospel.com.br\/portal\/index.php\/wp-json\/wp\/v2\/types\/post"}],"author":[{"embeddable":true,"href":"https:\/\/dgospel.com.br\/portal\/index.php\/wp-json\/wp\/v2\/users\/2"}],"replies":[{"embeddable":true,"href":"https:\/\/dgospel.com.br\/portal\/index.php\/wp-json\/wp\/v2\/comments?post=2415"}],"version-history":[{"count":1,"href":"https:\/\/dgospel.com.br\/portal\/index.php\/wp-json\/wp\/v2\/posts\/2415\/revisions"}],"predecessor-version":[{"id":2418,"href":"https:\/\/dgospel.com.br\/portal\/index.php\/wp-json\/wp\/v2\/posts\/2415\/revisions\/2418"}],"wp:featuredmedia":[{"embeddable":true,"href":"https:\/\/dgospel.com.br\/portal\/index.php\/wp-json\/wp\/v2\/media\/2416"}],"wp:attachment":[{"href":"https:\/\/dgospel.com.br\/portal\/index.php\/wp-json\/wp\/v2\/media?parent=2415"}],"wp:term":[{"taxonomy":"category","embeddable":true,"href":"https:\/\/dgospel.com.br\/portal\/index.php\/wp-json\/wp\/v2\/categories?post=2415"},{"taxonomy":"post_tag","embeddable":true,"href":"https:\/\/dgospel.com.br\/portal\/index.php\/wp-json\/wp\/v2\/tags?post=2415"}],"curies":[{"name":"wp","href":"https:\/\/api.w.org\/{rel}","templated":true}]}}