{"id":2419,"date":"2019-01-29T11:21:34","date_gmt":"2019-01-29T13:21:34","guid":{"rendered":"http:\/\/dgospel.com.br\/portal\/?p=2419"},"modified":"2019-01-29T11:25:00","modified_gmt":"2019-01-29T13:25:00","slug":"governador-mauro-carlesse-e-prefeito-de-gurupi-debatem-construcao-de-rodoviaria-e-parque-pouso-do-meio","status":"publish","type":"post","link":"https:\/\/dgospel.com.br\/portal\/index.php\/2019\/01\/29\/governador-mauro-carlesse-e-prefeito-de-gurupi-debatem-construcao-de-rodoviaria-e-parque-pouso-do-meio\/","title":{"rendered":"Governador Mauro Carlesse e prefeito de Gurupi debatem constru\u00e7\u00e3o de rodovi\u00e1ria e parque Pouso do Meio"},"content":{"rendered":"<p>O governador do Tocantins, Mauro Carlesse, e o prefeito de Gurupi, Laurez Moreira, se reuniram na tarde desta segunda-feira, 28, no Pal\u00e1cio Araguaia, em Palmas, para tratar da constru\u00e7\u00e3o de pelo menos duas obras na cidade de Gurupi.<\/p>\n<p>A primeira \u00e9 a constru\u00e7\u00e3o de uma nova rodovi\u00e1ria, que seria localizada \u00e0s margens da BR-153. \u201cEstamos trabalhando em conjunto para desapropriar uma \u00e1rea que seja bem localizada, \u00e0s margens da BR-153, por quest\u00e3o de log\u00edstica e seguran\u00e7a do tr\u00e2nsito da cidade. Gurupi h\u00e1 muito tempo precisa de uma nova rodovi\u00e1ria e o nosso objetivo \u00e9 entregar essa obra para a cidade\u201d, afirmou o Governador.<\/p>\n<p>Outro assunto debatido entre o governador Carlesse e o prefeito Laurez, foi a constru\u00e7\u00e3o de um parque \u00e0s margens do c\u00f3rrego Pouso do Meio, na altura em que o c\u00f3rrego \u00e9 transposto pela Avenida Goi\u00e1s. \u201cJ\u00e1 temos os projetos, agora vamos organizar os tr\u00e2mites de documenta\u00e7\u00e3o, licenciamento, para que possamos executar essa obra em parceria, Governo e Munic\u00edpio\u201d, explicou o Prefeito.<\/p>\n<p><strong>Ind\u00fastria<\/strong><\/p>\n<p>Uma solicita\u00e7\u00e3o do governador Mauro Carlesse ao prefeito Laurez Moreira, foi a disponibiliza\u00e7\u00e3o de uma \u00e1rea no Distrito Industrial de Gurupi, para instala\u00e7\u00e3o de uma empresa com capacidade de gerar 400 empregos. A solicita\u00e7\u00e3o foi prontamente atendida pelo Prefeito, que j\u00e1 contatou sua equipe e o local j\u00e1 est\u00e1 dispon\u00edvel para visita\u00e7\u00e3o dos empreendedores.<\/p>\n<p>Audi\u00eancias<\/p>\n<p>O governador Mauro Carlesse tamb\u00e9m informou ao prefeito Laurez Moreira sobre o resultado das audi\u00eancias de que participou na \u00faltima semana, em Bras\u00edlia. O Governador reafirmou que ap\u00f3s a conclus\u00e3o dos estudos t\u00e9cnicos e ambientais, o Governo Federal ir\u00e1 repassar ao Estado do Tocantins a concess\u00e3o para constru\u00e7\u00e3o da rodovia Transbananal (Travessia da Ilha do Bananal \u2013 BR-242\/TO-500), ligando o Tocantins ao Mato Grosso.<\/p>\n<p>Outra obra importante para o Estado e para Gurupi \u00e9 a duplica\u00e7\u00e3o da rodovia BR-153 (Bel\u00e9m-Bras\u00edlia). De acordo com o Governador, o compromisso do ministro da Insfraestrutura, Tarc\u00edsio Freitas, \u00e9 de que os procedimentos para uma nova concess\u00e3o e, por consequ\u00eancia, a realiza\u00e7\u00e3o das obras de duplica\u00e7\u00e3o, j\u00e1 ocorram a partir de fevereiro deste ano.<\/p>\n<p><strong>Presentes<\/strong><\/p>\n<p>Participaram da audi\u00eancia, o Secret\u00e1rio de Estado da Fazenda e Planejamento, Sandro Armando; o Chefe de Gabinete do Governador, Divino Alan Siqueira; o Secret\u00e1rio de Estado das Cidades e Insfraestrutura, Claudinei Quaresemin; o subsecret\u00e1rio das Cidades e Infraestrutura, Renato Assun\u00e7\u00e3o e o subsecret\u00e1rio de Planejamento, Sergislei Silva Moura.<\/p>\n","protected":false},"excerpt":{"rendered":"<p>O governador do Tocantins, Mauro Carlesse, e o prefeito de Gurupi, Laurez Moreira, se reuniram na tarde desta segunda-feira, 28, no Pal\u00e1cio Araguaia, em Palmas, para tratar da constru\u00e7\u00e3o de pelo menos duas obras na cidade de Gurupi. A primeira \u00e9 a constru\u00e7\u00e3o de uma nova rodovi\u00e1ria, que seria localizada \u00e0s margens da BR-153. \u201cEstamos [&hellip;]<\/p>\n","protected":false},"author":2,"featured_media":2420,"comment_status":"open","ping_status":"open","sticky":false,"template":"","format":"standard","meta":[],"categories":[2,4],"tags":[],"_links":{"self":[{"href":"https:\/\/dgospel.com.br\/portal\/index.php\/wp-json\/wp\/v2\/posts\/2419"}],"collection":[{"href":"https:\/\/dgospel.com.br\/portal\/index.php\/wp-json\/wp\/v2\/posts"}],"about":[{"href":"https:\/\/dgospel.com.br\/portal\/index.php\/wp-json\/wp\/v2\/types\/post"}],"author":[{"embeddable":true,"href":"https:\/\/dgospel.com.br\/portal\/index.php\/wp-json\/wp\/v2\/users\/2"}],"replies":[{"embeddable":true,"href":"https:\/\/dgospel.com.br\/portal\/index.php\/wp-json\/wp\/v2\/comments?post=2419"}],"version-history":[{"count":1,"href":"https:\/\/dgospel.com.br\/portal\/index.php\/wp-json\/wp\/v2\/posts\/2419\/revisions"}],"predecessor-version":[{"id":2421,"href":"https:\/\/dgospel.com.br\/portal\/index.php\/wp-json\/wp\/v2\/posts\/2419\/revisions\/2421"}],"wp:featuredmedia":[{"embeddable":true,"href":"https:\/\/dgospel.com.br\/portal\/index.php\/wp-json\/wp\/v2\/media\/2420"}],"wp:attachment":[{"href":"https:\/\/dgospel.com.br\/portal\/index.php\/wp-json\/wp\/v2\/media?parent=2419"}],"wp:term":[{"taxonomy":"category","embeddable":true,"href":"https:\/\/dgospel.com.br\/portal\/index.php\/wp-json\/wp\/v2\/categories?post=2419"},{"taxonomy":"post_tag","embeddable":true,"href":"https:\/\/dgospel.com.br\/portal\/index.php\/wp-json\/wp\/v2\/tags?post=2419"}],"curies":[{"name":"wp","href":"https:\/\/api.w.org\/{rel}","templated":true}]}}