{"id":2428,"date":"2019-01-29T12:51:01","date_gmt":"2019-01-29T14:51:01","guid":{"rendered":"http:\/\/dgospel.com.br\/portal\/?p=2428"},"modified":"2019-01-29T12:51:01","modified_gmt":"2019-01-29T14:51:01","slug":"de-olho-em-uma-vaga-na-mesa-diretora-do-senado-eduardo-gomes-deixa-solidariedade-e-se-filia-ao-mdb","status":"publish","type":"post","link":"https:\/\/dgospel.com.br\/portal\/index.php\/2019\/01\/29\/de-olho-em-uma-vaga-na-mesa-diretora-do-senado-eduardo-gomes-deixa-solidariedade-e-se-filia-ao-mdb\/","title":{"rendered":"De olho em uma vaga na Mesa Diretora do Senado, Eduardo Gomes deixa Solidariedade e se filia ao MDB"},"content":{"rendered":"<p class=\"p1\" style=\"background: white; margin: 0cm 0cm 12.75pt 0cm;\"><span class=\"s1\"><span style=\"font-size: 13.5pt; font-family: 'Roboto','serif'; color: #222222;\">O senador eleito pelo Tocantins Eduardo Gomes acaba de assinar sua ficha de filia\u00e7\u00e3o ao MDB, em Bras\u00edlia. Gomes deixou o Solidariedade, do qual era vice-presidente nacional.<\/span><\/span><\/p>\n<p class=\"p1\" style=\"background: white; box-sizing: border-box; font-variant-ligatures: normal; font-variant-caps: normal; orphans: 2; text-align: start; widows: 2; -webkit-text-stroke-width: 0px; text-decoration-style: initial; text-decoration-color: initial; word-spacing: 0px; margin: 0cm 0cm 12.75pt 0cm;\"><span style=\"box-sizing: border-box;\"><span class=\"s1\"><span style=\"font-size: 13.5pt; font-family: 'Roboto','serif'; color: #222222;\">O parlamentar chega ao MDB com o objetivo de conquistar uma vaga na Mesa Diretora do Senado, que ser\u00e1 eleita na sexta-feira, 1\u00ba.<\/span><\/span><\/span><\/p>\n<p class=\"p1\" style=\"background: white; box-sizing: border-box; font-variant-ligatures: normal; font-variant-caps: normal; orphans: 2; text-align: start; widows: 2; -webkit-text-stroke-width: 0px; text-decoration-style: initial; text-decoration-color: initial; word-spacing: 0px; margin: 0cm 0cm 12.75pt 0cm;\"><span style=\"box-sizing: border-box;\"><span class=\"s1\"><span style=\"font-size: 13.5pt; font-family: 'Roboto','serif'; color: #222222;\">Da solenidade, participaram toda a c\u00fapula do MDB e os dois pr\u00e9-candidatos a presidente do Senado, Renan Calheiros (AL) e Simone Tebet (MS).<\/span><\/span><\/span><\/p>\n<p>&nbsp;<\/p>\n","protected":false},"excerpt":{"rendered":"<p>O senador eleito pelo Tocantins Eduardo Gomes acaba de assinar sua ficha de filia\u00e7\u00e3o ao MDB, em Bras\u00edlia. Gomes deixou o Solidariedade, do qual era vice-presidente nacional. O parlamentar chega ao MDB com o objetivo de conquistar uma vaga na Mesa Diretora do Senado, que ser\u00e1 eleita na sexta-feira, 1\u00ba. Da solenidade, participaram toda a [&hellip;]<\/p>\n","protected":false},"author":2,"featured_media":2429,"comment_status":"open","ping_status":"open","sticky":false,"template":"","format":"standard","meta":[],"categories":[2,4],"tags":[],"_links":{"self":[{"href":"https:\/\/dgospel.com.br\/portal\/index.php\/wp-json\/wp\/v2\/posts\/2428"}],"collection":[{"href":"https:\/\/dgospel.com.br\/portal\/index.php\/wp-json\/wp\/v2\/posts"}],"about":[{"href":"https:\/\/dgospel.com.br\/portal\/index.php\/wp-json\/wp\/v2\/types\/post"}],"author":[{"embeddable":true,"href":"https:\/\/dgospel.com.br\/portal\/index.php\/wp-json\/wp\/v2\/users\/2"}],"replies":[{"embeddable":true,"href":"https:\/\/dgospel.com.br\/portal\/index.php\/wp-json\/wp\/v2\/comments?post=2428"}],"version-history":[{"count":1,"href":"https:\/\/dgospel.com.br\/portal\/index.php\/wp-json\/wp\/v2\/posts\/2428\/revisions"}],"predecessor-version":[{"id":2430,"href":"https:\/\/dgospel.com.br\/portal\/index.php\/wp-json\/wp\/v2\/posts\/2428\/revisions\/2430"}],"wp:featuredmedia":[{"embeddable":true,"href":"https:\/\/dgospel.com.br\/portal\/index.php\/wp-json\/wp\/v2\/media\/2429"}],"wp:attachment":[{"href":"https:\/\/dgospel.com.br\/portal\/index.php\/wp-json\/wp\/v2\/media?parent=2428"}],"wp:term":[{"taxonomy":"category","embeddable":true,"href":"https:\/\/dgospel.com.br\/portal\/index.php\/wp-json\/wp\/v2\/categories?post=2428"},{"taxonomy":"post_tag","embeddable":true,"href":"https:\/\/dgospel.com.br\/portal\/index.php\/wp-json\/wp\/v2\/tags?post=2428"}],"curies":[{"name":"wp","href":"https:\/\/api.w.org\/{rel}","templated":true}]}}