{"id":2431,"date":"2019-01-29T16:30:47","date_gmt":"2019-01-29T18:30:47","guid":{"rendered":"http:\/\/dgospel.com.br\/portal\/?p=2431"},"modified":"2019-01-29T16:30:47","modified_gmt":"2019-01-29T18:30:47","slug":"secretaria-de-saude-de-palmas-alerta-para-prevencao-e-cuidados-com-a-dengue","status":"publish","type":"post","link":"https:\/\/dgospel.com.br\/portal\/index.php\/2019\/01\/29\/secretaria-de-saude-de-palmas-alerta-para-prevencao-e-cuidados-com-a-dengue\/","title":{"rendered":"Secretaria de Sa\u00fade de Palmas alerta para preven\u00e7\u00e3o e cuidados com a dengue"},"content":{"rendered":"<p>Preocupada em diminuir as ocorr\u00eancias da dengue na Capital, a Prefeitura de Palmas vem atuando para conscientizar a popula\u00e7\u00e3o e tamb\u00e9m ampliar a vigil\u00e2ncia em rela\u00e7\u00e3o \u00e0 prolifera\u00e7\u00e3o do mosquito causador da doen\u00e7a. Nesse sentido, as secretarias de Sa\u00fade e Infraestrutura da Capital montaram equipes de trabalhadores para percorrer todas as regi\u00f5es do munic\u00edpio.<\/p>\n<p>Vale destacar que 88% dos focos do mosquito est\u00e3o dentro das resid\u00eancias, da\u00ed a necessidade do envolvimento da popula\u00e7\u00e3o no combate a este vetor.\u00a0 At\u00e9 o momento mais de 40 mil im\u00f3veis j\u00e1 foram vistoriados pelos agentes de combate \u00e0s endemias.<\/p>\n<p>Nesta for\u00e7a-tarefa, os agentes de combate \u00e0s endemias est\u00e3o com a responsabilidade de monitorar e orientar os propriet\u00e1rios de im\u00f3veis que n\u00e3o estiverem cuidando adequadamente de seus espa\u00e7os. J\u00e1 os profissionais da Infraestrutura est\u00e3o com a miss\u00e3o de ro\u00e7ar, limpar e tirar todo entulho que possa acumular \u00e1gua em \u00e1reas p\u00fablicas.<\/p>\n<p>De acordo com o Minist\u00e9rio da Sa\u00fade, em todo o ano passado, foram registrados 266 mil casos prov\u00e1veis da doen\u00e7a em todo o pa\u00eds. J\u00e1 em 2017, foram \u00a0239 mil notifica\u00e7\u00f5es, o que equivale a um aumento de 11%. Em Palmas, nas primeiras tr\u00eas semanas de janeiro, 1.316 casos foram notificados, dentre estes, apenas 62 foram confirmados para a dengue. No ano passado, no mesmo per\u00edodo, o n\u00famero de registros de casos confirmados foi de 145.<\/p>\n<p>A bi\u00f3loga e diretora de Vigil\u00e2ncia Epidemiol\u00f3gica, Marta Malheiros, disse que desde o ano passado, a Sa\u00fade de Palmas est\u00e1 em alerta para manter a doen\u00e7a sob controle. \u201cNossos t\u00e9cnicos est\u00e3o monitorando as \u00e1reas com maior incid\u00eancia de focos do mosquito. E nestas \u00e1reas as equipes intensificaram as a\u00e7\u00f5es de combate e preven\u00e7\u00e3o ao\u00a0<em>Aedes<\/em>, realizando os mutir\u00f5es onde orientam os moradores e eliminam focos que encontram\u201d, refor\u00e7a a diretora.<\/p>\n<p>Os especialistas da Unidade de Vigil\u00e2ncia e Controle de Zoonoses alertam que n\u00e3o adianta s\u00f3 o poder p\u00fablico intensificar as a\u00e7\u00f5es de combate, a popula\u00e7\u00e3o tamb\u00e9m pode buscar solu\u00e7\u00f5es preventivas para eliminar os criadouros do mosquito do\u00a0<em>Aedes aegypti<\/em>.\u00a0 \u201cEsta \u00e9 a \u00e9poca de maior risco de infec\u00e7\u00e3o por doen\u00e7as transmitidas por ele. \u00c9 preciso ficar atento e redobrar os cuidados com poss\u00edveis criadouros\u201d, ressalta a gerente da UVCZ, Bet\u00e2nia Costa, alertando que os insetos s\u00e3o silenciosos e podem estar em apartamentos, casas, per\u00edmetro urbano ou rural.<\/p>\n<p>&nbsp;<\/p>\n","protected":false},"excerpt":{"rendered":"<p>Preocupada em diminuir as ocorr\u00eancias da dengue na Capital, a Prefeitura de Palmas vem atuando para conscientizar a popula\u00e7\u00e3o e tamb\u00e9m ampliar a vigil\u00e2ncia em rela\u00e7\u00e3o \u00e0 prolifera\u00e7\u00e3o do mosquito causador da doen\u00e7a. Nesse sentido, as secretarias de Sa\u00fade e Infraestrutura da Capital montaram equipes de trabalhadores para percorrer todas as regi\u00f5es do munic\u00edpio. Vale [&hellip;]<\/p>\n","protected":false},"author":2,"featured_media":2432,"comment_status":"open","ping_status":"open","sticky":false,"template":"","format":"standard","meta":[],"categories":[2,3],"tags":[],"_links":{"self":[{"href":"https:\/\/dgospel.com.br\/portal\/index.php\/wp-json\/wp\/v2\/posts\/2431"}],"collection":[{"href":"https:\/\/dgospel.com.br\/portal\/index.php\/wp-json\/wp\/v2\/posts"}],"about":[{"href":"https:\/\/dgospel.com.br\/portal\/index.php\/wp-json\/wp\/v2\/types\/post"}],"author":[{"embeddable":true,"href":"https:\/\/dgospel.com.br\/portal\/index.php\/wp-json\/wp\/v2\/users\/2"}],"replies":[{"embeddable":true,"href":"https:\/\/dgospel.com.br\/portal\/index.php\/wp-json\/wp\/v2\/comments?post=2431"}],"version-history":[{"count":1,"href":"https:\/\/dgospel.com.br\/portal\/index.php\/wp-json\/wp\/v2\/posts\/2431\/revisions"}],"predecessor-version":[{"id":2433,"href":"https:\/\/dgospel.com.br\/portal\/index.php\/wp-json\/wp\/v2\/posts\/2431\/revisions\/2433"}],"wp:featuredmedia":[{"embeddable":true,"href":"https:\/\/dgospel.com.br\/portal\/index.php\/wp-json\/wp\/v2\/media\/2432"}],"wp:attachment":[{"href":"https:\/\/dgospel.com.br\/portal\/index.php\/wp-json\/wp\/v2\/media?parent=2431"}],"wp:term":[{"taxonomy":"category","embeddable":true,"href":"https:\/\/dgospel.com.br\/portal\/index.php\/wp-json\/wp\/v2\/categories?post=2431"},{"taxonomy":"post_tag","embeddable":true,"href":"https:\/\/dgospel.com.br\/portal\/index.php\/wp-json\/wp\/v2\/tags?post=2431"}],"curies":[{"name":"wp","href":"https:\/\/api.w.org\/{rel}","templated":true}]}}