{"id":2434,"date":"2019-01-30T10:42:54","date_gmt":"2019-01-30T12:42:54","guid":{"rendered":"http:\/\/dgospel.com.br\/portal\/?p=2434"},"modified":"2019-01-30T10:42:54","modified_gmt":"2019-01-30T12:42:54","slug":"temos-um-debito-com-o-brasil-diz-embaixador-de-israel","status":"publish","type":"post","link":"https:\/\/dgospel.com.br\/portal\/index.php\/2019\/01\/30\/temos-um-debito-com-o-brasil-diz-embaixador-de-israel\/","title":{"rendered":"\u201cTemos um d\u00e9bito com o Brasil\u201d, diz embaixador de Israel"},"content":{"rendered":"<p>A explica\u00e7\u00e3o mais simples para a participa\u00e7\u00e3o do Ex\u00e9rcito israelense nos trabalhos de resgate \u00e0s v\u00edtimas do rompimento da barragem de rejeitos da Vale, ocorrida na sexta-feira (25), foi dada pelo embaixador de Israel no Brasil,\u00a0<strong><a href=\"https:\/\/guiame.com.br\/gospel\/israel\/embaixador-de-israel-diz-que-bolsonaro-e-o-segundo-oswaldo-aranha.html\">Yossi Shelley<\/a><\/strong>: \u201cTemos um d\u00e9bito com Brasil\u201d.<\/p>\n<p>A frase foi dita durante entrevista coletiva, na tarde desta ter\u00e7a-feira (29), quando as for\u00e7as israelenses falaram sobre o trabalho em conjunto com as equipes brasileiras.<\/p>\n<p>A miss\u00e3o, que teve in\u00edcio na segunda-feira (28), est\u00e1 sendo realizada por 136 militares do\u00a0<strong><a href=\"https:\/\/guiame.com.br\/gospel\/noticias\/israel-e-brasil-trabalharao-juntos-no-resgate-das-vitimas-da-tragedia-em-brumadinho.html\">Ex\u00e9rcito de Israel, o IDF<\/a><\/strong>, ap\u00f3s ajuda ter sido oferecida pelo primeiro-ministro Benjamin Netanyahu e aceita pelo presidente Jair Bolsonaro.<\/p>\n<p>O chefe da delega\u00e7\u00e3o de Israel, Cel. Golan Vach, falou sobre a utiliza\u00e7\u00e3o dos equipamentos que a equipe trouxe para trabalhar no resgate em\u00a0<strong><a href=\"https:\/\/guiame.com.br\/gospel\/missoes-acao-social\/igrejas-de-brumadinho-se-mobilizam-para-ajudar-vitimas-da-tragedia.html\">Brumadinho<\/a><\/strong>.<\/p>\n<p>Ele disse que s\u00e3o tr\u00eas camadas de equipamentos. A primeira s\u00e3o os a\u00e9reos: sat\u00e9lites e drones, considerados importantes para apoiar as unidades de busca e salvamento. \u201cS\u00e3o usados para conseguirmos examinar as \u00e1reas do desastre e comparar o antes e o depois. S\u00e3o equipamentos visuais utilizados pelo Ex\u00e9rcito de Israel em suas opera\u00e7\u00f5es, e que aqui est\u00e3o sendo usados para direcionar as equipes\u201d, disse Vach.<\/p>\n<p>A segunda camada, explica o coronel israelense, s\u00e3o de equipamentos usados em solo: v\u00e1rios tipos c\u00e2meras, como as de infravermelho e as t\u00e9rmicas, que captam calor do corpo, at\u00e9 as simples, capazes de entrar em locais estreitos, al\u00e9m de radares, para solo e \u00e1gua, e localizador de celulares.<\/p>\n<p>O coronel Vach, por\u00e9m, disse que a terceira camada s\u00e3o os localizadores vivos, formados por c\u00e3es e homens. \u201cEstes s\u00e3o os mais avan\u00e7ados\u201d, disse. \u201cCom eles conseguimos encontrar quase 99% dos desaparecidos em opera\u00e7\u00f5es de busca e\u00a0<strong><a href=\"https:\/\/guiame.com.br\/gospel\/noticias\/missao-humanitaria-de-israel-comeca-os-trabalhos-hoje-em-brumadinho.html\">resgates<\/a><\/strong>\u00a0das quais participamos. Juntos, c\u00e3es e homens, oferecem um mix de informa\u00e7\u00f5es que podem nos levar ao \u00eaxito das opera\u00e7\u00f5es\u201d.<\/p>\n<p><strong>Integra\u00e7\u00e3o<\/strong><\/p>\n<p>Chefe do Estado-Maior do Corpo de Bombeiros de Minas Gerais, o coronel Erlon Dias do Nascimento disse que a integra\u00e7\u00e3o com a equipe de Israel est\u00e1 acontecendo de forma efetiva. Ele chamou a coopera\u00e7\u00e3o de \u201cextremamente positiva, pois temos um pa\u00eds que convive com problemas de natureza catastr\u00f3fica e que est\u00e1 aqui para troca de experi\u00eancias [conosco], tanto em tecnologia e como operacionais\u201d, explicou.<\/p>\n<p>O coronel Vach disse que apesar de toda experi\u00eancia dos militares israelenses e seus equipamentos tecnol\u00f3gicos, est\u00e3o aprendendo com os socorristas brasileiros. \u201cTemos t\u00e9cnicas, mas estamos aprendendo muito com seus bombeiros, eles nos mostraram coisas muitos simples, como \u00e1gua em alta press\u00e3o que transforma a lama e \u00e1gua novamente. N\u00f3s nunca pensamos nisso\u201d, admitiu.<\/p>\n<p>O chefe da delega\u00e7\u00e3o israelense disse que 15 corpos foram localizados nas primeiras 24 horas de trabalho conjunto. Ele explicou que est\u00e3o focados nos lugares onde provavelmente havia pessoas. \u201cA maior dificuldade \u00e9 a instabilidade da camada de lama sob a qual os corpos est\u00e3o enterrados\u201d, disse.<\/p>\n<p>Convidada a dar um depoimento sobre sua participa\u00e7\u00e3o da miss\u00e3o de resgate, a tenente israelense Amit Levi, 21 anos, disse que estava muito emocionada. Filha de m\u00e3e brasileira, falou que significa muito estar no Brasil. \u201c\u00c9 muito emocionante pra mim poder ajudar o Brasil nesse momento t\u00e3o dif\u00edcil. O Brasil \u00e9 a minha segunda casa e estou muito orgulhosa em colaborar com o Ex\u00e9rcito brasileiro e fazer o poss\u00edvel para ajudar o povo brasileiro\u201d, disse.<\/p>\n<p>O IDF tem feito um mini di\u00e1rio de sua miss\u00e3o pelo Instagram. \u201cNossas tropas est\u00e3o trabalhando duro no campo, ajudando a localizar presos e desaparecidos, usando t\u00e9cnicas de resgate e tecnologia. V\u00e1rios cad\u00e1veres foram encontrados e evacuados. Brasil, estamos com voc\u00ea\u201d, escreveu no primeiro dia.<\/p>\n<p>De acordo com Vach, a equipe de Israel deve deixar o Brasil at\u00e9 sexta-feira (1\u00ba\/02).<\/p>\n<p><strong>Balan\u00e7o<\/strong><\/p>\n<p>O coronel Erlon Dias explicou que na atual fase as equipes j\u00e1 est\u00e3o come\u00e7ando a entrar no terreno com equipamentos pesados, mas que continuam sendo feitas \u201cescava\u00e7\u00f5es com as m\u00e3os\u201d em locais onde isso \u00e9 necess\u00e1rio. Ele contou que a grande dificuldade \u00e9 que, com a passagem dos dias, o barro se solidifica e n\u00e3o h\u00e1 como os bombeiros fazerem o trabalho manualmente. Nesse caso, s\u00f3 as retroescavadeiras.<\/p>\n<p>A extens\u00e3o das \u00e1reas que sofreram danos em Brumadinho \u00e9 muito grande, assim como a quantidade de lama liberada pelo rompimento da barragem. Foram 13 milh\u00f5es de metros c\u00fabicos de rejeitos de min\u00e9rios liberados, que tragaram pessoas, animais, constru\u00e7\u00f5es e a natureza ao redor, como matas e rio. A lama j\u00e1 percorreu 85 quil\u00f4metros desde o complexo da barragem de Brumadinho.<\/p>\n<p>At\u00e9 a manh\u00e3 desta quarta-feira (30), a atualiza\u00e7\u00e3o dos n\u00fameros \u00e9 a seguinte: 84 mortos, 67 corpos identificados, 391 pessoas localizadas e 276 desaparecidas.<\/p>\n<p>FONTE: GUIAME, ADRIANA BERNARDO<\/p>\n","protected":false},"excerpt":{"rendered":"<p>A explica\u00e7\u00e3o mais simples para a participa\u00e7\u00e3o do Ex\u00e9rcito israelense nos trabalhos de resgate \u00e0s v\u00edtimas do rompimento da barragem de rejeitos da Vale, ocorrida na sexta-feira (25), foi dada pelo embaixador de Israel no Brasil,\u00a0Yossi Shelley: \u201cTemos um d\u00e9bito com Brasil\u201d. A frase foi dita durante entrevista coletiva, na tarde desta ter\u00e7a-feira (29), quando [&hellip;]<\/p>\n","protected":false},"author":2,"featured_media":2435,"comment_status":"open","ping_status":"open","sticky":false,"template":"","format":"standard","meta":[],"categories":[2,10,6],"tags":[],"_links":{"self":[{"href":"https:\/\/dgospel.com.br\/portal\/index.php\/wp-json\/wp\/v2\/posts\/2434"}],"collection":[{"href":"https:\/\/dgospel.com.br\/portal\/index.php\/wp-json\/wp\/v2\/posts"}],"about":[{"href":"https:\/\/dgospel.com.br\/portal\/index.php\/wp-json\/wp\/v2\/types\/post"}],"author":[{"embeddable":true,"href":"https:\/\/dgospel.com.br\/portal\/index.php\/wp-json\/wp\/v2\/users\/2"}],"replies":[{"embeddable":true,"href":"https:\/\/dgospel.com.br\/portal\/index.php\/wp-json\/wp\/v2\/comments?post=2434"}],"version-history":[{"count":1,"href":"https:\/\/dgospel.com.br\/portal\/index.php\/wp-json\/wp\/v2\/posts\/2434\/revisions"}],"predecessor-version":[{"id":2436,"href":"https:\/\/dgospel.com.br\/portal\/index.php\/wp-json\/wp\/v2\/posts\/2434\/revisions\/2436"}],"wp:featuredmedia":[{"embeddable":true,"href":"https:\/\/dgospel.com.br\/portal\/index.php\/wp-json\/wp\/v2\/media\/2435"}],"wp:attachment":[{"href":"https:\/\/dgospel.com.br\/portal\/index.php\/wp-json\/wp\/v2\/media?parent=2434"}],"wp:term":[{"taxonomy":"category","embeddable":true,"href":"https:\/\/dgospel.com.br\/portal\/index.php\/wp-json\/wp\/v2\/categories?post=2434"},{"taxonomy":"post_tag","embeddable":true,"href":"https:\/\/dgospel.com.br\/portal\/index.php\/wp-json\/wp\/v2\/tags?post=2434"}],"curies":[{"name":"wp","href":"https:\/\/api.w.org\/{rel}","templated":true}]}}