{"id":2460,"date":"2019-01-31T09:53:38","date_gmt":"2019-01-31T11:53:38","guid":{"rendered":"http:\/\/dgospel.com.br\/portal\/?p=2460"},"modified":"2019-01-31T09:54:00","modified_gmt":"2019-01-31T11:54:00","slug":"assembleia-se-enquadra-no-indice-de-gasto-com-pessoal-previsto-na-lrf","status":"publish","type":"post","link":"https:\/\/dgospel.com.br\/portal\/index.php\/2019\/01\/31\/assembleia-se-enquadra-no-indice-de-gasto-com-pessoal-previsto-na-lrf\/","title":{"rendered":"Assembleia se enquadra no \u00edndice de gasto com pessoal, previsto na LRF"},"content":{"rendered":"<div class=\"addthis_toolbox addthis_default_style\">\n<div class=\"span3 pull-right\">\n<div class=\"google_plusone_iframe_widget\"><\/div>\n<\/div>\n<div class=\"atclear\">Em 2018, mesmo com a arrecada\u00e7\u00e3o do Estado 0,10% menor que a do ano anterior, a Assembleia Legislativa conseguiu se manter dentro do limite estabelecido pela Lei de Responsabilidade Fiscal (LRF) em rela\u00e7\u00e3o ao gasto com pessoal. \u00c9 o que mostra o relat\u00f3rio de gest\u00e3o fiscal do terceiro quadrimestre do ano passado, que ser\u00e1 publicado no Di\u00e1rio da Assembleia desta quarta-feira, 30.<\/div>\n<\/div>\n<p>Segundo a presidente da Casa, Luana Ribeiro (PSDB), a atual gest\u00e3o conseguiu repetir o percentual do segundo quadrimestre, 1,77%. No primeiro quadrimestre, o limite havia sido ultrapassado em 0,03%, fechando em 1,80%. \u201cIsso s\u00f3 foi poss\u00edvel gra\u00e7as ao apoio dos deputados, da nossa equipe e da parceria com os servidores\u201d, explicou.<\/p>\n<p>O diretor geral da Assembleia, J\u00fanior Braga, atribuiu o reenquadramento \u00e0 LRF \u00e0s medidas adotadas pela atual gest\u00e3o com vistas \u00e0 redu\u00e7\u00e3o das despesas com pessoal. \u201cExemplo disso foi a institui\u00e7\u00e3o do Programa de Aposentadoria Incentivada, que resultou na economia de R$ 3 milh\u00f5es em 2018\u201d, explicou.<\/p>\n<p><b>O programa<\/b><\/p>\n<p>O Programa de Aposentadoria Incentivada \u00e9 destinado aos integrantes do quadro de servidores efetivos da Casa, mediante indeniza\u00e7\u00e3o aos funcion\u00e1rios que atendam aos requisitos legais. Trata-se de um instrumento que permite a redu\u00e7\u00e3o de despesas, sem preju\u00edzo aos servidores, que n\u00e3o perdem sua renda. (Dicom AL)<\/p>\n","protected":false},"excerpt":{"rendered":"<p>Em 2018, mesmo com a arrecada\u00e7\u00e3o do Estado 0,10% menor que a do ano anterior, a Assembleia Legislativa conseguiu se manter dentro do limite estabelecido pela Lei de Responsabilidade Fiscal (LRF) em rela\u00e7\u00e3o ao gasto com pessoal. \u00c9 o que mostra o relat\u00f3rio de gest\u00e3o fiscal do terceiro quadrimestre do ano passado, que ser\u00e1 publicado [&hellip;]<\/p>\n","protected":false},"author":2,"featured_media":2461,"comment_status":"open","ping_status":"open","sticky":false,"template":"","format":"standard","meta":[],"categories":[8],"tags":[],"_links":{"self":[{"href":"https:\/\/dgospel.com.br\/portal\/index.php\/wp-json\/wp\/v2\/posts\/2460"}],"collection":[{"href":"https:\/\/dgospel.com.br\/portal\/index.php\/wp-json\/wp\/v2\/posts"}],"about":[{"href":"https:\/\/dgospel.com.br\/portal\/index.php\/wp-json\/wp\/v2\/types\/post"}],"author":[{"embeddable":true,"href":"https:\/\/dgospel.com.br\/portal\/index.php\/wp-json\/wp\/v2\/users\/2"}],"replies":[{"embeddable":true,"href":"https:\/\/dgospel.com.br\/portal\/index.php\/wp-json\/wp\/v2\/comments?post=2460"}],"version-history":[{"count":2,"href":"https:\/\/dgospel.com.br\/portal\/index.php\/wp-json\/wp\/v2\/posts\/2460\/revisions"}],"predecessor-version":[{"id":2463,"href":"https:\/\/dgospel.com.br\/portal\/index.php\/wp-json\/wp\/v2\/posts\/2460\/revisions\/2463"}],"wp:featuredmedia":[{"embeddable":true,"href":"https:\/\/dgospel.com.br\/portal\/index.php\/wp-json\/wp\/v2\/media\/2461"}],"wp:attachment":[{"href":"https:\/\/dgospel.com.br\/portal\/index.php\/wp-json\/wp\/v2\/media?parent=2460"}],"wp:term":[{"taxonomy":"category","embeddable":true,"href":"https:\/\/dgospel.com.br\/portal\/index.php\/wp-json\/wp\/v2\/categories?post=2460"},{"taxonomy":"post_tag","embeddable":true,"href":"https:\/\/dgospel.com.br\/portal\/index.php\/wp-json\/wp\/v2\/tags?post=2460"}],"curies":[{"name":"wp","href":"https:\/\/api.w.org\/{rel}","templated":true}]}}