{"id":2464,"date":"2019-01-31T17:28:59","date_gmt":"2019-01-31T19:28:59","guid":{"rendered":"http:\/\/dgospel.com.br\/portal\/?p=2464"},"modified":"2019-01-31T17:28:59","modified_gmt":"2019-01-31T19:28:59","slug":"estado-apresenta-sistema-prisional-durante-reuniao-com-ministro-sergio-moro","status":"publish","type":"post","link":"https:\/\/dgospel.com.br\/portal\/index.php\/2019\/01\/31\/estado-apresenta-sistema-prisional-durante-reuniao-com-ministro-sergio-moro\/","title":{"rendered":"Estado apresenta Sistema Prisional durante reuni\u00e3o com ministro S\u00e9rgio Moro"},"content":{"rendered":"<p>O Sistema Penitenci\u00e1rio do Tocantins ser\u00e1 apresentado nesta quinta-feira, 31, durante reuni\u00e3o entre o\u00a0secret\u00e1rio de Estado da Cidadania e Justi\u00e7a (Seciju), Heber Fidelis, e o ministro de Estado da Justi\u00e7a e Seguran\u00e7a P\u00fablica, S\u00e9rgio Moro, em conjunto com outros gestores do pa\u00eds, com o objetivo de apresentar demandas espec\u00edficas de cada estado e inteirar-se das orienta\u00e7\u00f5es a n\u00edvel nacional. Os participantes comp\u00f5em o Conselho Nacional dos Secret\u00e1rios de Estado da Justi\u00e7a, Direitos Humanos e Administra\u00e7\u00e3o Penitenci\u00e1ria (Consej) e ficam reunidos at\u00e9 as 20 horas desta quinta-feira, em Bras\u00edlia (DF).<\/p>\n<p>No per\u00edodo da manh\u00e3, os gestores estaduais se apresentam aos novos dirigentes do Departamento Penitenci\u00e1rio Nacional (Depen) e ao organograma da diretoria nesta gest\u00e3o. J\u00e1 no per\u00edodo da tarde, ser\u00e3o levadas as propostas de cada estado da federa\u00e7\u00e3o, apresentados os repasses financeiros e as propostas estrat\u00e9gicas para o setor at\u00e9 o ano de 2022. De acordo com o secret\u00e1rio da Seciju, Heber Fidelis, esse \u00e9 o momento de apresentar o Sistema Penitenci\u00e1rio do Tocantins. \u201cVamos apresentar as nossas estruturas f\u00edsicas, necessidades e demandas emergenciais aos demais estados e ao ministro. Na oportunidade, tamb\u00e9m buscaremos mais investimentos para nosso estado\u201d, explica.<\/p>\n<p>O secret\u00e1rio ressalta que buscar\u00e1 o aumento de repasses do Fundo Penitenci\u00e1rio Nacional (Fupen) para o Tocantins. \u201cCom o aumento do repasse, conseguimos estruturar e equipar melhor nossas unidades prisionais, garantindo o bom andamento do Sistema Prisional do Estado, que agrega servidores, apenados, operacionais e toda a sociedade\u201d, destaca. Outra demanda que ser\u00e1 apresentada pelo gestor estadual tratar\u00e1 sobre a continuidade dos conv\u00eanios federais.<\/p>\n<p>Na reuni\u00e3o, o ministro S\u00e9rgio Moro tamb\u00e9m vai apresentar os direcionamentos e as\u00a0diretrizes referentes \u00e0 nova gest\u00e3o federal. \u201cA seguran\u00e7a funciona de forma interligada, com parcerias locais e em todo territ\u00f3rio nacional. Estaremos alinhados com as diretrizes apresentadas pelo Governo Federal\u201d, diz Heber Fidelis.<\/p>\n","protected":false},"excerpt":{"rendered":"<p>O Sistema Penitenci\u00e1rio do Tocantins ser\u00e1 apresentado nesta quinta-feira, 31, durante reuni\u00e3o entre o\u00a0secret\u00e1rio de Estado da Cidadania e Justi\u00e7a (Seciju), Heber Fidelis, e o ministro de Estado da Justi\u00e7a e Seguran\u00e7a P\u00fablica, S\u00e9rgio Moro, em conjunto com outros gestores do pa\u00eds, com o objetivo de apresentar demandas espec\u00edficas de cada estado e inteirar-se das [&hellip;]<\/p>\n","protected":false},"author":2,"featured_media":2465,"comment_status":"open","ping_status":"open","sticky":false,"template":"","format":"standard","meta":[],"categories":[2,3],"tags":[],"_links":{"self":[{"href":"https:\/\/dgospel.com.br\/portal\/index.php\/wp-json\/wp\/v2\/posts\/2464"}],"collection":[{"href":"https:\/\/dgospel.com.br\/portal\/index.php\/wp-json\/wp\/v2\/posts"}],"about":[{"href":"https:\/\/dgospel.com.br\/portal\/index.php\/wp-json\/wp\/v2\/types\/post"}],"author":[{"embeddable":true,"href":"https:\/\/dgospel.com.br\/portal\/index.php\/wp-json\/wp\/v2\/users\/2"}],"replies":[{"embeddable":true,"href":"https:\/\/dgospel.com.br\/portal\/index.php\/wp-json\/wp\/v2\/comments?post=2464"}],"version-history":[{"count":1,"href":"https:\/\/dgospel.com.br\/portal\/index.php\/wp-json\/wp\/v2\/posts\/2464\/revisions"}],"predecessor-version":[{"id":2466,"href":"https:\/\/dgospel.com.br\/portal\/index.php\/wp-json\/wp\/v2\/posts\/2464\/revisions\/2466"}],"wp:featuredmedia":[{"embeddable":true,"href":"https:\/\/dgospel.com.br\/portal\/index.php\/wp-json\/wp\/v2\/media\/2465"}],"wp:attachment":[{"href":"https:\/\/dgospel.com.br\/portal\/index.php\/wp-json\/wp\/v2\/media?parent=2464"}],"wp:term":[{"taxonomy":"category","embeddable":true,"href":"https:\/\/dgospel.com.br\/portal\/index.php\/wp-json\/wp\/v2\/categories?post=2464"},{"taxonomy":"post_tag","embeddable":true,"href":"https:\/\/dgospel.com.br\/portal\/index.php\/wp-json\/wp\/v2\/tags?post=2464"}],"curies":[{"name":"wp","href":"https:\/\/api.w.org\/{rel}","templated":true}]}}