{"id":2467,"date":"2019-01-31T17:30:29","date_gmt":"2019-01-31T19:30:29","guid":{"rendered":"http:\/\/dgospel.com.br\/portal\/?p=2467"},"modified":"2019-01-31T17:30:29","modified_gmt":"2019-01-31T19:30:29","slug":"tecnicos-de-vigilancias-epidemiologicas-no-tocantins-recebem-capacitacao","status":"publish","type":"post","link":"https:\/\/dgospel.com.br\/portal\/index.php\/2019\/01\/31\/tecnicos-de-vigilancias-epidemiologicas-no-tocantins-recebem-capacitacao\/","title":{"rendered":"T\u00e9cnicos de vigil\u00e2ncias epidemiol\u00f3gicas no Tocantins recebem capacita\u00e7\u00e3o"},"content":{"rendered":"<p>O Programa de Treinamento em Epidemiologia Aplicada aos Servi\u00e7os do Sistema \u00danico de Sa\u00fade (SUS), n\u00edvel EpiSUS-Fundamental, encerra sua primeira oficina nesta sexta-feira, 1\u00ba, com 26 t\u00e9cnicos que atuam nas vigil\u00e2ncias epidemiol\u00f3gicas do Estado e munic\u00edpios. O treinamento \u00e9 coordenado pela Vigil\u00e2ncia em Sa\u00fade do Minist\u00e9rio da Sa\u00fade, com colabora\u00e7\u00e3o da Superintend\u00eancia de Vigil\u00e2ncia, Promo\u00e7\u00e3o e Prote\u00e7\u00e3o a Sa\u00fade.<\/p>\n<p>O objetivo \u00e9 fortalecer o Sistema \u00danico de Vigil\u00e2ncia em Sa\u00fade (SVS), por meio da capacita\u00e7\u00e3o de profissionais que atuam na \u00e1rea da Vigil\u00e2ncia em Sa\u00fade do SUS, visando melhorar a capacidade de detec\u00e7\u00e3o, resposta e comunica\u00e7\u00e3o de problemas de sa\u00fade p\u00fablica, ficando estes servidores no final do curso, respons\u00e1veis para atender as demandas epidemiologia da regi\u00e3o.<\/p>\n<p>T\u00e2nia Portella, instrutora do EpiSUS-Fundamental, do Minist\u00e9rio da Sa\u00fade, explica como funciona a capacita\u00e7\u00e3o. \u201cO curso tem dura\u00e7\u00e3o de tr\u00eas meses, sendo tr\u00eas oficinas. A primeira iniciou no dia 28 de janeiro e termina dia 1\u00ba de fevereiro; a segunda oficina acontece em mar\u00e7o e a terceira em abril. \u00c9 voltada para profissionais da \u00e1rea de sa\u00fade, da vigil\u00e2ncia, aten\u00e7\u00e3o prim\u00e1ria, laborat\u00f3rios, tendo como foco a epidemiologia de campo, ent\u00e3o trabalhamos conte\u00fados de epidemiologia b\u00e1sica, desde conceitos b\u00e1sicos de vigil\u00e2ncia e tamb\u00e9m o controle de surtos e epidemias.\u201d<\/p>\n<p>T\u00e2nia explica ainda que a estrutura do curso contempla um instrutor nacional, que vem e ministra todas as aulas. \u201cTemos o apoio do Estado que fornece e disponibiliza t\u00e9cnicos que s\u00e3o nossos tutores e v\u00e3o acompanhar os alunos para que possam desenvolver as atividades em campo e apresent\u00e1-las na pr\u00f3xima oficina\u201d.<\/p>\n<p>Orc\u00e9lia Sales, do N\u00facleo de Educa\u00e7\u00e3o Permanente (NEP), \u00e9 uma das tutoras e fala dos benef\u00edcios do treinamento no processo de trabalho para a Sa\u00fade do Estado. \u201cAprimoramento da capacidade dos profissionais de elaborar an\u00e1lises descritivas de problemas de sa\u00fade p\u00fablica; fortalecimento da cultura de tomada de decis\u00e3o baseada na an\u00e1lise de dados\u201d.<\/p>\n<p><strong>EpiSUS<\/strong><\/p>\n<p>O EpiSUS \u00e9 um treinamento oferecido pela SVS para profissionais da \u00e1rea de sa\u00fade que pretendem contribuir na resposta \u00e0s emerg\u00eancias em sa\u00fade p\u00fablica.\u00a0O programa recebeu o selo internacional de qualidade pela Rede de Programas Tephinet, com decis\u00e3o do\u00a0<em>Global Accrediting Body<\/em>. A Tephinet \u00e9 uma rede profissional composta por 69\u00a0Programas de Treinamento em Epidemiologia de Campo (FETP) atuantes em mais de 100 pa\u00edses.<\/p>\n","protected":false},"excerpt":{"rendered":"<p>O Programa de Treinamento em Epidemiologia Aplicada aos Servi\u00e7os do Sistema \u00danico de Sa\u00fade (SUS), n\u00edvel EpiSUS-Fundamental, encerra sua primeira oficina nesta sexta-feira, 1\u00ba, com 26 t\u00e9cnicos que atuam nas vigil\u00e2ncias epidemiol\u00f3gicas do Estado e munic\u00edpios. O treinamento \u00e9 coordenado pela Vigil\u00e2ncia em Sa\u00fade do Minist\u00e9rio da Sa\u00fade, com colabora\u00e7\u00e3o da Superintend\u00eancia de Vigil\u00e2ncia, Promo\u00e7\u00e3o [&hellip;]<\/p>\n","protected":false},"author":2,"featured_media":2468,"comment_status":"open","ping_status":"open","sticky":false,"template":"","format":"standard","meta":[],"categories":[2,3],"tags":[],"_links":{"self":[{"href":"https:\/\/dgospel.com.br\/portal\/index.php\/wp-json\/wp\/v2\/posts\/2467"}],"collection":[{"href":"https:\/\/dgospel.com.br\/portal\/index.php\/wp-json\/wp\/v2\/posts"}],"about":[{"href":"https:\/\/dgospel.com.br\/portal\/index.php\/wp-json\/wp\/v2\/types\/post"}],"author":[{"embeddable":true,"href":"https:\/\/dgospel.com.br\/portal\/index.php\/wp-json\/wp\/v2\/users\/2"}],"replies":[{"embeddable":true,"href":"https:\/\/dgospel.com.br\/portal\/index.php\/wp-json\/wp\/v2\/comments?post=2467"}],"version-history":[{"count":1,"href":"https:\/\/dgospel.com.br\/portal\/index.php\/wp-json\/wp\/v2\/posts\/2467\/revisions"}],"predecessor-version":[{"id":2469,"href":"https:\/\/dgospel.com.br\/portal\/index.php\/wp-json\/wp\/v2\/posts\/2467\/revisions\/2469"}],"wp:featuredmedia":[{"embeddable":true,"href":"https:\/\/dgospel.com.br\/portal\/index.php\/wp-json\/wp\/v2\/media\/2468"}],"wp:attachment":[{"href":"https:\/\/dgospel.com.br\/portal\/index.php\/wp-json\/wp\/v2\/media?parent=2467"}],"wp:term":[{"taxonomy":"category","embeddable":true,"href":"https:\/\/dgospel.com.br\/portal\/index.php\/wp-json\/wp\/v2\/categories?post=2467"},{"taxonomy":"post_tag","embeddable":true,"href":"https:\/\/dgospel.com.br\/portal\/index.php\/wp-json\/wp\/v2\/tags?post=2467"}],"curies":[{"name":"wp","href":"https:\/\/api.w.org\/{rel}","templated":true}]}}