{"id":247,"date":"2018-05-18T16:39:15","date_gmt":"2018-05-18T19:39:15","guid":{"rendered":"http:\/\/dgospel.com.br\/portal\/?p=247"},"modified":"2018-05-18T16:39:15","modified_gmt":"2018-05-18T19:39:15","slug":"prefeita-de-guarai-declara-apoio-a-vicentinho-em-grandioso-comicio","status":"publish","type":"post","link":"https:\/\/dgospel.com.br\/portal\/index.php\/2018\/05\/18\/prefeita-de-guarai-declara-apoio-a-vicentinho-em-grandioso-comicio\/","title":{"rendered":"Prefeita de Guara\u00ed declara apoio a Vicentinho em grandioso com\u00edcio"},"content":{"rendered":"<div>A prefeita de Guara\u00ed, Lires Ferneda (PSDB), e o ex-prefeito Gen\u00e9sio Ferneda, organizaram uma monumental carreata e grandioso com\u00edcio nesta quinta-feira, 17, para declarar oficialmente apoio \u00e0 candidatura de Vicentinho Alves (PR) ao governo do estado no dia 3 de junho.<\/div>\n<div><\/div>\n<div>Lires disse que decidiu apoiar Vicentinho ap\u00f3s\u00a0 analisar bem todos os candidatos. Pesou em sua decis\u00e3o a vida pregressa de Vicentinho, que, ap\u00f3s 30 anos de vida p\u00fablica, \u00e9 ficha limpa. &#8220;Porque eu sou radicalmente contrs a corrup\u00e7\u00e3o e o senador \u00e9 um exemplo de como se deve lidar com a coisa p\u00fablica. Temos de cortar esse mal pela raiz&#8221;, afirmou.<\/div>\n<div><\/div>\n<div>A prefeita disse tamb\u00e9m influenciou o fato de que a maioria dos vereadores e todos os sete secret\u00e1rios da prefeitura apoiam com entusiasmo a candidatura de Vicentinho, assim como empres\u00e1rios importantes da cidade.<\/div>\n<div><\/div>\n<div>A prefeita reconheceu o trabalho desenvolvido pelo senador em benef\u00edcio de Guara\u00ed, assim como o trabalho do senador Ata\u00eddes, presidente regional de seu partido, o PSDB, que tamb\u00e9m decidiu apoiar Vicentinho.<\/div>\n<div><\/div>\n<div>O candidato da coliga\u00e7\u00e3o A vez dos tocantinenses agradeceu o apoio de Lires Gen\u00e9sio,\u00a0 relacionou algumas obras que trouxe para Guara\u00ed e afirmou que deseja fazer um\u00a0 governo de paz, planejado, e com eficiente. &#8220;Nossa prioridade \u00e9 cuidar das pessoas e o foco inicial \u00e9 sa\u00fade. Vamos implantar um sistema de sa\u00fade em Guara\u00ed para atender com dignidade as demandas da regi\u00e3o. Com isso, vamos desafogar o Hospita Regional de lAragua\u00edna e o Hospital Geral de Palmas&#8221;, esclareceu.<\/div>\n<div><\/div>\n<div>Vicentinho disse vai incentivar a descentraliza\u00e7\u00e3o da industrializa\u00e7\u00e3o no estado, para gerar empregos e renda nas diversas regi\u00f5es do estado. Dentro desse projeto est\u00e1 a cria\u00e7\u00e3o\u00a0 do Distrito industrial de Guara\u00ed. Preparei-me 30 anos para ser governador do Tocantins e quero fazer o melhor governo de todos os tempos&#8221;, disse Vicentinho.<\/div>\n<div><\/div>\n<div>O presidente da C\u00e2mara Municipal de Guara\u00ed, Donizete,\u00a0 e os vereadores Miqueias Feitosa, F\u00e1tima Coelho, Nilson Bueno, Bonfim e\u00a0 Saboinha tamb\u00e9m declararam apoio a Vicentinho governador.<\/div>\n<div><\/div>\n<div>O evento contou com a participa\u00e7\u00e3o dos ex-governadores Mois\u00e9s Avelino, prefeito de Para\u00edso do Tocantins, e Raimundo Boi, senador Ata\u00eddes de Oliveira, deputada federal Josi Nunes, ex-deputado federal Eduardo Gomes, deputados estaduais Vilmar do Detran, Valdemar J\u00fanior, Am\u00e9lio Caires e Elenil da Penha, presidente da ATM e prefeito\u00a0 de Pedro Afonso, Jairo Mariano,\u00a0 dos prefeitos de Miracema, Mois\u00e9s da Sercon; Pequizeiro, Dr. Paulinho; Rio dos Bois, Moacir, vice-prefeito de Aragua\u00edna, Fraudineis Fiomare, ex-prefeitos, vereadores, dos pr\u00e9-candidatos\u00a0 a deputado estadual Stalin Bucar, Jo\u00e3o Em\u00eddio, Janadi Valcari, Felipe Martins, Major Edvards, Dr. Jo\u00e3o e Girlei, e lideran\u00e7as locais e regionais.<\/div>\n","protected":false},"excerpt":{"rendered":"<p>A prefeita de Guara\u00ed, Lires Ferneda (PSDB), e o ex-prefeito Gen\u00e9sio Ferneda, organizaram uma monumental carreata e grandioso com\u00edcio nesta quinta-feira, 17, para declarar oficialmente apoio \u00e0 candidatura de Vicentinho Alves (PR) ao governo do estado no dia 3 de junho. Lires disse que decidiu apoiar Vicentinho ap\u00f3s\u00a0 analisar bem todos os candidatos. Pesou em [&hellip;]<\/p>\n","protected":false},"author":2,"featured_media":248,"comment_status":"open","ping_status":"open","sticky":false,"template":"","format":"standard","meta":[],"categories":[2,4],"tags":[],"_links":{"self":[{"href":"https:\/\/dgospel.com.br\/portal\/index.php\/wp-json\/wp\/v2\/posts\/247"}],"collection":[{"href":"https:\/\/dgospel.com.br\/portal\/index.php\/wp-json\/wp\/v2\/posts"}],"about":[{"href":"https:\/\/dgospel.com.br\/portal\/index.php\/wp-json\/wp\/v2\/types\/post"}],"author":[{"embeddable":true,"href":"https:\/\/dgospel.com.br\/portal\/index.php\/wp-json\/wp\/v2\/users\/2"}],"replies":[{"embeddable":true,"href":"https:\/\/dgospel.com.br\/portal\/index.php\/wp-json\/wp\/v2\/comments?post=247"}],"version-history":[{"count":1,"href":"https:\/\/dgospel.com.br\/portal\/index.php\/wp-json\/wp\/v2\/posts\/247\/revisions"}],"predecessor-version":[{"id":249,"href":"https:\/\/dgospel.com.br\/portal\/index.php\/wp-json\/wp\/v2\/posts\/247\/revisions\/249"}],"wp:featuredmedia":[{"embeddable":true,"href":"https:\/\/dgospel.com.br\/portal\/index.php\/wp-json\/wp\/v2\/media\/248"}],"wp:attachment":[{"href":"https:\/\/dgospel.com.br\/portal\/index.php\/wp-json\/wp\/v2\/media?parent=247"}],"wp:term":[{"taxonomy":"category","embeddable":true,"href":"https:\/\/dgospel.com.br\/portal\/index.php\/wp-json\/wp\/v2\/categories?post=247"},{"taxonomy":"post_tag","embeddable":true,"href":"https:\/\/dgospel.com.br\/portal\/index.php\/wp-json\/wp\/v2\/tags?post=247"}],"curies":[{"name":"wp","href":"https:\/\/api.w.org\/{rel}","templated":true}]}}