{"id":2470,"date":"2019-01-31T17:32:15","date_gmt":"2019-01-31T19:32:15","guid":{"rendered":"http:\/\/dgospel.com.br\/portal\/?p=2470"},"modified":"2019-01-31T17:32:15","modified_gmt":"2019-01-31T19:32:15","slug":"governo-economizou-mais-de-r-328-milhoes-com-reducao-de-despesas-em-2018","status":"publish","type":"post","link":"https:\/\/dgospel.com.br\/portal\/index.php\/2019\/01\/31\/governo-economizou-mais-de-r-328-milhoes-com-reducao-de-despesas-em-2018\/","title":{"rendered":"Governo economizou mais de R$ 32,8 milh\u00f5es com redu\u00e7\u00e3o de despesas em 2018"},"content":{"rendered":"<p>Os ajustes feitos pelo Governo do Tocantins no ano de 2018 renderam, aos cofres p\u00fablicos do Estado, uma economia de R$ 32,8 milh\u00f5es. De acordo com o secret\u00e1rio de Estado da Fazenda e do Planejamento, Sandro Henrique Armando, esses custos dizem respeito \u00e0 redu\u00e7\u00e3o de gastos com di\u00e1rias, telefone fixo e m\u00f3vel, passagens, material de consumo de expediente, \u00e1gua e energia.<\/p>\n<p>\u201cO Tocantins tinha gastos alt\u00edssimos, por exemplo, com a quest\u00e3o de alugu\u00e9is e a frota de ve\u00edculos do Estado. O Grupo Executivo para Gest\u00e3o e Equil\u00edbrio do Gasto P\u00fablico, criado\u00a0pelo governador Mauro Carlesse, mapeou os excessos e buscou unificar a gest\u00e3o dando um norte, aos secret\u00e1rios, do que precisava ser racionado e naquilo que poderia ser melhorado\u201d, disse o secret\u00e1rio.<\/p>\n<p>Somente com \u00e1gua e energia, o Governo economizou mais de R$ 9,9 milh\u00f5es, comparando com o que foi gasto em 2017, uma redu\u00e7\u00e3o de 36,76%. J\u00e1 os gastos com di\u00e1rias, telefone fixo e m\u00f3vel, passagens, material de consumo de expediente e combust\u00edvel, a economia obtida foi de R$ 22,8 milh\u00f5es, reduzindo em 35,81% os custos. \u201cEsses dados ainda s\u00e3o preliminares e podem sofrer altera\u00e7\u00e3o, mostrando que houve uma economia maior ainda\u201d, informou Sandro Henrique Armando.<\/p>\n<p><strong>Organiza\u00e7\u00e3o da M\u00e1quina P\u00fablica<\/strong><\/p>\n<p>Desde que assumiu a gest\u00e3o do Governo do Tocantins em abril do ano passado, Mauro Carlesse editou v\u00e1rios decretos buscando a economicidade para as contas p\u00fabicas, s\u00e3o eles:<\/p>\n<p>&#8211; Decreto n\u00ba 5.805, de 20 de abril de 2018, que estabelece medidas de redu\u00e7\u00e3o e controle de despesas de custeio e de pessoal do Poder Executivo.<\/p>\n<p>&#8211; Decreto n\u00ba 5.811, de 30 de abril de 2018, que disp\u00f5e sobre a jornada de trabalho de seis horas para o Poder Executivo.<\/p>\n<p>&#8211; Decreto n\u00ba 5.842, de 10 de julho, que instituiu o Grupo Executivo para Gest\u00e3o e Equil\u00edbrio do Gasto P\u00fablico no sentindo de buscar solu\u00e7\u00f5es, observando o princ\u00edpio da economicidade.<\/p>\n<p>&#8211; Decreto n\u00ba 5.868, de 23 de outubro de 2018, que disp\u00f5e sobre o encerramento do exerc\u00edcio financeiro de 2018 para \u00f3rg\u00e3os do Poder Executivo.<\/p>\n<p>&#8211; Decreto n\u00ba 5.869, de 25 de outubro de 2018, que determina provid\u00eancia de recolhimento de ve\u00edculos oficiais locados ou pr\u00f3prios do Poder Executivo.<\/p>\n<p>&#8211; Decreto n\u00ba 5.878, de 12 de novembro de 2018, que institui\u00a0a Comiss\u00e3o de Estudos para Reestrutura\u00e7\u00e3o dos \u00d3rg\u00e3os e Entidades, cargos e fun\u00e7\u00f5es comissionadas da administra\u00e7\u00e3o Direta e Indireta do Poder Executivo, compostos pelos membros do Grupo Executivo.<\/p>\n<p><strong>Negocia\u00e7\u00e3o<\/strong><\/p>\n<p>De acordo com o secret\u00e1rio Sandro Henrique Armando, a inten\u00e7\u00e3o do Governo com essas redu\u00e7\u00f5es \u00e9 voltar a ter o poder de investimento. Para isso, \u00e9 necess\u00e1rio que o Estado se enquadre dentro da Lei de Responsabilidade Fiscal (LRF) e melhore sua nota junto \u00e0 Secretaria Nacional do Tesouro (SNT).<\/p>\n<p>\u201cSe a gente tiver dinheiro em caixa, vamos conseguir negociar melhor com os nossos fornecedores, buscar descontos e baixar os pre\u00e7os, comprando diversos produtos \u00e0 vista. Quando os fornecedores perceberem que o Estado est\u00e1 mais solvente, n\u00f3s vamos conseguir comprar com melhor custo e o Governo vai aumentar a sua efici\u00eancia\u201d, destacou.<\/p>\n<p><strong>Grupo de Gest\u00e3o<\/strong><\/p>\n<p>O Grupo Executivo para Gest\u00e3o e Equil\u00edbrio do Gasto P\u00fablico \u00e9 composto por representantes dos seguintes \u00f3rg\u00e3os: Secretaria de Estado da Fazenda e Planejamento; Casa Civil; Governo e Articula\u00e7\u00e3o Pol\u00edtica; e Infraestrutura, Habita\u00e7\u00e3o e Servi\u00e7os P\u00fablicos. O grupo possui a miss\u00e3o de orientar o Governo\u00a0sobre assuntos relativos \u00e0 gest\u00e3o do Estado.<\/p>\n<p>\u201cO Grupo Executivo conseguiu unificar o Governo e dar um foco para a gest\u00e3o. Diante da grande dificuldade or\u00e7ament\u00e1ria e financeira que a gente tinha para cumprir as obriga\u00e7\u00f5es, l\u00e1 no Grupo se elencavam as prioridades. Se n\u00e3o tiv\u00e9ssemos feito esse trabalho, o Estado teria quebrado e n\u00f3s n\u00e3o ter\u00edamos conseguido cumprir o m\u00ednimo das obriga\u00e7\u00f5es, provavelmente estar\u00edamos na mesma condi\u00e7\u00e3o que esses estados que est\u00e3o em situa\u00e7\u00e3o de calamidade financeira\u201d, concluiu Sandro Henrique Armando.<\/p>\n","protected":false},"excerpt":{"rendered":"<p>Os ajustes feitos pelo Governo do Tocantins no ano de 2018 renderam, aos cofres p\u00fablicos do Estado, uma economia de R$ 32,8 milh\u00f5es. De acordo com o secret\u00e1rio de Estado da Fazenda e do Planejamento, Sandro Henrique Armando, esses custos dizem respeito \u00e0 redu\u00e7\u00e3o de gastos com di\u00e1rias, telefone fixo e m\u00f3vel, passagens, material de [&hellip;]<\/p>\n","protected":false},"author":2,"featured_media":2471,"comment_status":"open","ping_status":"open","sticky":false,"template":"","format":"standard","meta":[],"categories":[2,4],"tags":[],"_links":{"self":[{"href":"https:\/\/dgospel.com.br\/portal\/index.php\/wp-json\/wp\/v2\/posts\/2470"}],"collection":[{"href":"https:\/\/dgospel.com.br\/portal\/index.php\/wp-json\/wp\/v2\/posts"}],"about":[{"href":"https:\/\/dgospel.com.br\/portal\/index.php\/wp-json\/wp\/v2\/types\/post"}],"author":[{"embeddable":true,"href":"https:\/\/dgospel.com.br\/portal\/index.php\/wp-json\/wp\/v2\/users\/2"}],"replies":[{"embeddable":true,"href":"https:\/\/dgospel.com.br\/portal\/index.php\/wp-json\/wp\/v2\/comments?post=2470"}],"version-history":[{"count":1,"href":"https:\/\/dgospel.com.br\/portal\/index.php\/wp-json\/wp\/v2\/posts\/2470\/revisions"}],"predecessor-version":[{"id":2472,"href":"https:\/\/dgospel.com.br\/portal\/index.php\/wp-json\/wp\/v2\/posts\/2470\/revisions\/2472"}],"wp:featuredmedia":[{"embeddable":true,"href":"https:\/\/dgospel.com.br\/portal\/index.php\/wp-json\/wp\/v2\/media\/2471"}],"wp:attachment":[{"href":"https:\/\/dgospel.com.br\/portal\/index.php\/wp-json\/wp\/v2\/media?parent=2470"}],"wp:term":[{"taxonomy":"category","embeddable":true,"href":"https:\/\/dgospel.com.br\/portal\/index.php\/wp-json\/wp\/v2\/categories?post=2470"},{"taxonomy":"post_tag","embeddable":true,"href":"https:\/\/dgospel.com.br\/portal\/index.php\/wp-json\/wp\/v2\/tags?post=2470"}],"curies":[{"name":"wp","href":"https:\/\/api.w.org\/{rel}","templated":true}]}}