{"id":2476,"date":"2019-01-31T17:47:23","date_gmt":"2019-01-31T19:47:23","guid":{"rendered":"http:\/\/dgospel.com.br\/portal\/?p=2476"},"modified":"2019-01-31T17:47:23","modified_gmt":"2019-01-31T19:47:23","slug":"liberacao-para-emissao-de-novos-alvaras-de-funcionamento-em-palmas-sera-em-ate-48-horas","status":"publish","type":"post","link":"https:\/\/dgospel.com.br\/portal\/index.php\/2019\/01\/31\/liberacao-para-emissao-de-novos-alvaras-de-funcionamento-em-palmas-sera-em-ate-48-horas\/","title":{"rendered":"Libera\u00e7\u00e3o para emiss\u00e3o de novos alvar\u00e1s de funcionamento em Palmas ser\u00e1 em at\u00e9 48 horas"},"content":{"rendered":"<p class=\"yiv2387198399MsoNormalCxSpFirst\">Os microempreendedores individuais (MEIs) de Palmas que necessitam da libera\u00e7\u00e3o do alvar\u00e1 de funcionamento para seus estabelecimentos contam agora com uma novidade: o prazo de libera\u00e7\u00e3o dos documentos passou de cinco dias \u00fateis para 48 horas. A melhoria do procedimento com o uso da tecnologia desburocratiza o tr\u00e2mite e contribui para a melhoria dos pequenos neg\u00f3cios em Palmas.<\/p>\n<p class=\"yiv2387198399MsoNormalCxSpMiddle\">\u00a0Para a secret\u00e1ria municipal de Desenvolvimento Econ\u00f4mico e Emprego (Sedem), Carmen L\u00facia Bom, o aprimoramento do fluxo de trabalho \u00e9 fundamental para que os microempreendedores tenham mais tempo para se dedicar aos seus neg\u00f3cios. \u201cIsso evita filas e contribui para que os t\u00e9cnicos da Sedem foquem seus esfor\u00e7os em novos projetos para beneficiar toda a popula\u00e7\u00e3o da Capital\u201d, explicou.<\/p>\n<p class=\"yiv2387198399MsoNormalCxSpMiddle\">Outra novidade \u00e9 que a partir desta sexta-feira, 1\u00ba de fevereiro, os microempreendedores (MEIs) poder\u00e3o imprimir os alvar\u00e1s de funcionamento renovados pela internet. A nova medida ir\u00e1 desburocratizar o procedimento que antes precisava ser feito pessoalmente na sede da Secretaria de Desenvolvimento Econ\u00f4mico e Emprego (Sedem).\u00a0Cerca de tr\u00eas mil alvar\u00e1s vencem nesta quinta-feira, 31, e j\u00e1 est\u00e3o aptos para renova\u00e7\u00e3o e emiss\u00e3o por meio do\u00a0<a href=\"http:\/\/alvara.palmas.to.gov.br\/\" target=\"_blank\" rel=\"nofollow noopener\">link<\/a>. No ato da retirada, o microempreendedor necessita ter em m\u00e3os o n\u00famero da inscri\u00e7\u00e3o municipal e o Cadastro Nacional da Pessoa Jur\u00eddica (CNPJ) da empresa.<\/p>\n","protected":false},"excerpt":{"rendered":"<p>Os microempreendedores individuais (MEIs) de Palmas que necessitam da libera\u00e7\u00e3o do alvar\u00e1 de funcionamento para seus estabelecimentos contam agora com uma novidade: o prazo de libera\u00e7\u00e3o dos documentos passou de cinco dias \u00fateis para 48 horas. A melhoria do procedimento com o uso da tecnologia desburocratiza o tr\u00e2mite e contribui para a melhoria dos pequenos [&hellip;]<\/p>\n","protected":false},"author":2,"featured_media":2477,"comment_status":"open","ping_status":"open","sticky":false,"template":"","format":"standard","meta":[],"categories":[2,4],"tags":[],"_links":{"self":[{"href":"https:\/\/dgospel.com.br\/portal\/index.php\/wp-json\/wp\/v2\/posts\/2476"}],"collection":[{"href":"https:\/\/dgospel.com.br\/portal\/index.php\/wp-json\/wp\/v2\/posts"}],"about":[{"href":"https:\/\/dgospel.com.br\/portal\/index.php\/wp-json\/wp\/v2\/types\/post"}],"author":[{"embeddable":true,"href":"https:\/\/dgospel.com.br\/portal\/index.php\/wp-json\/wp\/v2\/users\/2"}],"replies":[{"embeddable":true,"href":"https:\/\/dgospel.com.br\/portal\/index.php\/wp-json\/wp\/v2\/comments?post=2476"}],"version-history":[{"count":1,"href":"https:\/\/dgospel.com.br\/portal\/index.php\/wp-json\/wp\/v2\/posts\/2476\/revisions"}],"predecessor-version":[{"id":2478,"href":"https:\/\/dgospel.com.br\/portal\/index.php\/wp-json\/wp\/v2\/posts\/2476\/revisions\/2478"}],"wp:featuredmedia":[{"embeddable":true,"href":"https:\/\/dgospel.com.br\/portal\/index.php\/wp-json\/wp\/v2\/media\/2477"}],"wp:attachment":[{"href":"https:\/\/dgospel.com.br\/portal\/index.php\/wp-json\/wp\/v2\/media?parent=2476"}],"wp:term":[{"taxonomy":"category","embeddable":true,"href":"https:\/\/dgospel.com.br\/portal\/index.php\/wp-json\/wp\/v2\/categories?post=2476"},{"taxonomy":"post_tag","embeddable":true,"href":"https:\/\/dgospel.com.br\/portal\/index.php\/wp-json\/wp\/v2\/tags?post=2476"}],"curies":[{"name":"wp","href":"https:\/\/api.w.org\/{rel}","templated":true}]}}