{"id":2479,"date":"2019-01-31T17:54:33","date_gmt":"2019-01-31T19:54:33","guid":{"rendered":"http:\/\/dgospel.com.br\/portal\/?p=2479"},"modified":"2019-01-31T17:54:33","modified_gmt":"2019-01-31T19:54:33","slug":"prefeita-cinthia-reforca-objetivo-de-fortalecer-parceria-e-bom-relacionamento-com-a-bancada-federal-do-tocantins","status":"publish","type":"post","link":"https:\/\/dgospel.com.br\/portal\/index.php\/2019\/01\/31\/prefeita-cinthia-reforca-objetivo-de-fortalecer-parceria-e-bom-relacionamento-com-a-bancada-federal-do-tocantins\/","title":{"rendered":"Prefeita Cinthia refor\u00e7a objetivo de fortalecer parceria e bom relacionamento com a bancada federal do Tocantins"},"content":{"rendered":"<p>Ao destacar a import\u00e2ncia de fortalecer a rela\u00e7\u00e3o institucional e refor\u00e7ar o objetivo de estreitar os la\u00e7os com parlamentares tocantinenses em prol de atua\u00e7\u00e3o conjunta por melhorias para Palmas, a prefeita da Capital, Cinthia Ribeiro (PSDB), prestigiar\u00e1 nesta sexta-feira, dia 1\u00ba, da posse da bancada federal do Tocantins no Congresso.<\/p>\n<p>\u201cUm dos lemas da nossa gest\u00e3o \u00e9 de estarmos sempre abertos ao di\u00e1logo e atuarmos em parceria com todos aqueles que se propuserem efetivamente a ajudar e trabalhar por Palmas, bem como para o nosso Tocantins. A rela\u00e7\u00e3o respeitosa e saud\u00e1vel com nossa bancada federal, independente da sigla e corrente partid\u00e1ria, deve ser a mais harm\u00f4nica poss\u00edvel e de parcerias efetivas&#8221;, disse.<\/p>\n<p>&#8220;Devemos lembrar que, desfeitos os palanques, governamos para todos, independente de quem nos apoiou ou n\u00e3o. Em se tratando da capital Palmas, onde todos s\u00e3o votados, sempre renovamos nosso pedido de que lembrem que tamb\u00e9m precisamos de apoio, de emendas e a\u00e7\u00f5es robustas. A popula\u00e7\u00e3o ganha muito com essa rela\u00e7\u00e3o respeitosa e produtiva, entre a prefeitura e nossos representantes federais&#8221;, complementou.<\/p>\n<p>Ela recebeu convite especial de parlamentares como os senadores eleitos Eduardo Gomes (MDB) e Iraj\u00e1 Abreu (PSD) e dos deputados federais Vicentinho Alves (PR), reeleito, e o eleito Osires Damaso\u00a0 (PSC) para participar da solenidade que marca o in\u00edcio da 56\u00aa legislatura da C\u00e2mara e do Senado.<\/p>\n<p>&#8220;Os parlamentares s\u00e3o os nossos representantes em Bras\u00edlia e, al\u00e9m de suas atribui\u00e7\u00f5es legais de propor leis e fiscalizar a gest\u00e3o federal,\u00a0 t\u00eam atua\u00e7\u00e3o relevante junto ao governo federal na busca de verbas para sa\u00fade, educa\u00e7\u00e3o, obras e outros benef\u00edcios aos munic\u00edpios. Nada mais justo que, em benef\u00edcio do desenvolvimento de Palmas e do Estado, estarmos \u00e0 disposi\u00e7\u00e3o, lado a lado e trabalhando em conjunto&#8221;, disse a prefeita.<\/p>\n<p>Cinthia Ribeiro ressaltou que o desejo da Prefeitura de Palmas \u00e9 que a parceria com os congressistas se fortale\u00e7a e seja mais efetiva. Ela destacou\u00a0 tamb\u00e9m que sua presen\u00e7a na cerim\u00f4nia de posse tem objetivo de conscientizar os parlamentares sobre a import\u00e2ncia da destina\u00e7\u00e3o de recursos financeiros para Palmas.<\/p>\n<p>A gestora fez quest\u00e3o de frisas que a rela\u00e7\u00e3o, que j\u00e1 \u00e9 boa, vai melhorar nesta legislatura que come\u00e7a a partir desta sexta-feira. &#8220;Atrav\u00e9s de emendas parlamentares de diversos companheiros e companheiras do Congresso temos tido apoio importante nas \u00e1reas priorit\u00e1rias de nossa administra\u00e7\u00e3o. De nossa parte, os parlamentares podem estar cientes que estamos sempre \u00e0 disposi\u00e7\u00e3o pois nosso objetivo como gestores ou legisladores \u00e9 proporcionar mudan\u00e7a na vida das pessoas&#8221;, finalizou.<\/p>\n<p><strong>\u00a0<\/strong><\/p>\n<p><strong>A BANCADA\u00a0<\/strong><\/p>\n<p>Os oito deputados federais que comp\u00f5em a bancada federal tocantinense s\u00e3o: Tiago Dimas (SD), Osires Damaso (PSC), Vicentinho J\u00fanior (PR), Eli Borges (SD), Carlos Henrique Gaguim (DEM), Professora Dorinha (DEM), Dulce Miranda (MDB) e\u00a0 Celio Moura (PT). J\u00e1 o Senado al\u00e9m de K\u00e1tia Abreu (PDT), que permanece da legislatura anterior, ter\u00e1 Eduardo Gomes (MDB) e Iraj\u00e1 Abreu (PSD).<\/p>\n<p>&nbsp;<\/p>\n","protected":false},"excerpt":{"rendered":"<p>Ao destacar a import\u00e2ncia de fortalecer a rela\u00e7\u00e3o institucional e refor\u00e7ar o objetivo de estreitar os la\u00e7os com parlamentares tocantinenses em prol de atua\u00e7\u00e3o conjunta por melhorias para Palmas, a prefeita da Capital, Cinthia Ribeiro (PSDB), prestigiar\u00e1 nesta sexta-feira, dia 1\u00ba, da posse da bancada federal do Tocantins no Congresso. \u201cUm dos lemas da nossa [&hellip;]<\/p>\n","protected":false},"author":2,"featured_media":2480,"comment_status":"open","ping_status":"open","sticky":false,"template":"","format":"standard","meta":[],"categories":[2,4],"tags":[],"_links":{"self":[{"href":"https:\/\/dgospel.com.br\/portal\/index.php\/wp-json\/wp\/v2\/posts\/2479"}],"collection":[{"href":"https:\/\/dgospel.com.br\/portal\/index.php\/wp-json\/wp\/v2\/posts"}],"about":[{"href":"https:\/\/dgospel.com.br\/portal\/index.php\/wp-json\/wp\/v2\/types\/post"}],"author":[{"embeddable":true,"href":"https:\/\/dgospel.com.br\/portal\/index.php\/wp-json\/wp\/v2\/users\/2"}],"replies":[{"embeddable":true,"href":"https:\/\/dgospel.com.br\/portal\/index.php\/wp-json\/wp\/v2\/comments?post=2479"}],"version-history":[{"count":1,"href":"https:\/\/dgospel.com.br\/portal\/index.php\/wp-json\/wp\/v2\/posts\/2479\/revisions"}],"predecessor-version":[{"id":2481,"href":"https:\/\/dgospel.com.br\/portal\/index.php\/wp-json\/wp\/v2\/posts\/2479\/revisions\/2481"}],"wp:featuredmedia":[{"embeddable":true,"href":"https:\/\/dgospel.com.br\/portal\/index.php\/wp-json\/wp\/v2\/media\/2480"}],"wp:attachment":[{"href":"https:\/\/dgospel.com.br\/portal\/index.php\/wp-json\/wp\/v2\/media?parent=2479"}],"wp:term":[{"taxonomy":"category","embeddable":true,"href":"https:\/\/dgospel.com.br\/portal\/index.php\/wp-json\/wp\/v2\/categories?post=2479"},{"taxonomy":"post_tag","embeddable":true,"href":"https:\/\/dgospel.com.br\/portal\/index.php\/wp-json\/wp\/v2\/tags?post=2479"}],"curies":[{"name":"wp","href":"https:\/\/api.w.org\/{rel}","templated":true}]}}