{"id":2485,"date":"2019-02-01T12:32:00","date_gmt":"2019-02-01T14:32:00","guid":{"rendered":"http:\/\/dgospel.com.br\/portal\/?p=2485"},"modified":"2019-02-01T12:32:00","modified_gmt":"2019-02-01T14:32:00","slug":"vereadores-se-despedem-da-camara-municipal-apos-se-elegerem-deputados-estaduais","status":"publish","type":"post","link":"https:\/\/dgospel.com.br\/portal\/index.php\/2019\/02\/01\/vereadores-se-despedem-da-camara-municipal-apos-se-elegerem-deputados-estaduais\/","title":{"rendered":"Vereadores se despedem da C\u00e2mara Municipal ap\u00f3s se elegerem deputados estaduais"},"content":{"rendered":"<p style=\"margin: 0cm; margin-bottom: .0001pt; text-align: justify; line-height: 16.8pt; background: #F1F1F1;\"><span style=\"font-size: 9.5pt; font-family: 'Arial','sans-serif'; color: #333333;\">Os quatro vereadores eleitos como deputados estaduais nas \u00faltimas elei\u00e7\u00f5es, L\u00e9o Barbosa (SD), Professor J\u00fanior Geo (PROS), Vanda Monteiro (PSL) e Ivory de Lira (PPL), renunciaram aos seus mandatos na C\u00e2mara Municipal de Palmas na sexta-feira, 1\u00ba. Com a ren\u00fancia, quatro suplentes tomar\u00e3o posse e assumir\u00e3o os cargos de vereadores no s\u00e1bado, 02.<\/span><\/p>\n<p>&nbsp;<\/p>\n<p style=\"margin: 0cm; margin-bottom: .0001pt; text-align: justify; line-height: 16.8pt; background: #F1F1F1; font-variant-ligatures: normal; font-variant-caps: normal; orphans: 2; widows: 2; -webkit-text-stroke-width: 0px; text-decoration-style: initial; text-decoration-color: initial; word-spacing: 0px;\"><span style=\"font-size: 9.5pt; font-family: 'Arial','sans-serif'; color: #333333;\">Eleito deputado estadual, Professor J\u00fanior Geo (PROS), disse que trabalhou pela moralidade e seriedade no servi\u00e7o p\u00fablico durante seus dois mandatos como vereador. Ele falou ainda que espera que os novos vereadores assumam com desejo de fazer o certo.\u00a0<i>\u201c<\/i>Uma vez eleitos, temos que servir a sociedade e esse \u00e9 o pensamento que tem que imperar no Legislativo. Espero que os colegas que est\u00e3o ingressando na C\u00e2mara Municipal entrem com pensamento de renova\u00e7\u00e3o e lutar pelo direito da sociedade\u201d, comentou.<\/span><\/p>\n<p>&nbsp;<\/p>\n<p style=\"margin: 0cm; margin-bottom: .0001pt; text-align: justify; line-height: 16.8pt; background: #F1F1F1; font-variant-ligatures: normal; font-variant-caps: normal; orphans: 2; widows: 2; -webkit-text-stroke-width: 0px; text-decoration-style: initial; text-decoration-color: initial; word-spacing: 0px;\"><span style=\"font-size: 9.5pt; font-family: 'Arial','sans-serif'; color: #333333;\">\u00a0J\u00e1 Leo Barbosa (SD) afirmou que est\u00e1 saindo para assumir um compromisso ainda\u00a0 \u00a0maior. \u201cNa C\u00e2mara de Palmas aprendi muito como pol\u00edtico e como ser humano,\u00a0 \u00a0apresentei bons Projetos de Lei e requerimentos importantes, trabalhando sempre com\u00a0 \u00a0objetivo de defender as pessoas. Saio com sensa\u00e7\u00e3o de dever cumprido, mesmo tendo\u00a0 \u00a0ficado apenas dois anos, mas n\u00e3o por falta de compromisso, e sim porque o\u00a0 \u00a0compromisso aumentou. A partir desse momento n\u00e3o \u00e9 somente com a Capital, mas\u00a0 \u00a0com todo o Tocantins<i>\u201d<\/i>, analisou.<\/span><\/p>\n<p>&nbsp;<\/p>\n<p style=\"text-align: justify; line-height: 16.8pt; background: #F1F1F1; font-variant-ligatures: normal; font-variant-caps: normal; orphans: 2; widows: 2; -webkit-text-stroke-width: 0px; text-decoration-style: initial; text-decoration-color: initial; word-spacing: 0px; margin: 0cm 0cm 12.0pt 0cm;\"><span style=\"font-size: 9.5pt; font-family: 'Arial','sans-serif'; color: #333333;\">Os quatro suplentes, Helinho da Civil (PV), Pastor Rog\u00e9rio (PRB), Claudemir Portugal (PRP) e Moisemar Marinho (PODE), tomar\u00e3o posse e assumir\u00e3o os cargos de vereadores em sess\u00e3o extraordin\u00e1ria designada para s\u00e1bado, 02, \u00e0s 17h, no plen\u00e1rio da Casa de Leis.<\/span><\/p>\n","protected":false},"excerpt":{"rendered":"<p>Os quatro vereadores eleitos como deputados estaduais nas \u00faltimas elei\u00e7\u00f5es, L\u00e9o Barbosa (SD), Professor J\u00fanior Geo (PROS), Vanda Monteiro (PSL) e Ivory de Lira (PPL), renunciaram aos seus mandatos na C\u00e2mara Municipal de Palmas na sexta-feira, 1\u00ba. Com a ren\u00fancia, quatro suplentes tomar\u00e3o posse e assumir\u00e3o os cargos de vereadores no s\u00e1bado, 02. &nbsp; Eleito [&hellip;]<\/p>\n","protected":false},"author":2,"featured_media":2486,"comment_status":"open","ping_status":"open","sticky":false,"template":"","format":"standard","meta":[],"categories":[8,2],"tags":[],"_links":{"self":[{"href":"https:\/\/dgospel.com.br\/portal\/index.php\/wp-json\/wp\/v2\/posts\/2485"}],"collection":[{"href":"https:\/\/dgospel.com.br\/portal\/index.php\/wp-json\/wp\/v2\/posts"}],"about":[{"href":"https:\/\/dgospel.com.br\/portal\/index.php\/wp-json\/wp\/v2\/types\/post"}],"author":[{"embeddable":true,"href":"https:\/\/dgospel.com.br\/portal\/index.php\/wp-json\/wp\/v2\/users\/2"}],"replies":[{"embeddable":true,"href":"https:\/\/dgospel.com.br\/portal\/index.php\/wp-json\/wp\/v2\/comments?post=2485"}],"version-history":[{"count":1,"href":"https:\/\/dgospel.com.br\/portal\/index.php\/wp-json\/wp\/v2\/posts\/2485\/revisions"}],"predecessor-version":[{"id":2487,"href":"https:\/\/dgospel.com.br\/portal\/index.php\/wp-json\/wp\/v2\/posts\/2485\/revisions\/2487"}],"wp:featuredmedia":[{"embeddable":true,"href":"https:\/\/dgospel.com.br\/portal\/index.php\/wp-json\/wp\/v2\/media\/2486"}],"wp:attachment":[{"href":"https:\/\/dgospel.com.br\/portal\/index.php\/wp-json\/wp\/v2\/media?parent=2485"}],"wp:term":[{"taxonomy":"category","embeddable":true,"href":"https:\/\/dgospel.com.br\/portal\/index.php\/wp-json\/wp\/v2\/categories?post=2485"},{"taxonomy":"post_tag","embeddable":true,"href":"https:\/\/dgospel.com.br\/portal\/index.php\/wp-json\/wp\/v2\/tags?post=2485"}],"curies":[{"name":"wp","href":"https:\/\/api.w.org\/{rel}","templated":true}]}}