{"id":2488,"date":"2019-02-01T14:01:33","date_gmt":"2019-02-01T16:01:33","guid":{"rendered":"http:\/\/dgospel.com.br\/portal\/?p=2488"},"modified":"2019-02-01T14:01:33","modified_gmt":"2019-02-01T16:01:33","slug":"sessao-especial-da-posse-aos-novos-deputados","status":"publish","type":"post","link":"https:\/\/dgospel.com.br\/portal\/index.php\/2019\/02\/01\/sessao-especial-da-posse-aos-novos-deputados\/","title":{"rendered":"Sess\u00e3o Especial d\u00e1 posse aos novos deputados"},"content":{"rendered":"<p>Os 24 deputados estaduais eleitos em 2018 tomaram posse em Sess\u00e3o Especial na Assembleia Legislativa na manh\u00e3 desta sexta-feira, 1\u00ba de fevereiro. S\u00e3o 16 parlamentares reeleitos e 8 novatos que chegam ao Parlamento para atuarem na 9\u00aa legislatura, que vai de 1\u00ba de fevereiro de 2019 a 31 de janeiro de 2023.<\/p>\n<p>Dos empossados, 5 s\u00e3o mulheres, e 8 s\u00e3o novatos, sendo que\u00a0 Ivory de Lira tinha assumido como suplente na 8\u00aa legislatura, e\u00a0 Fabion Gomes que retorna \u00e0 Casa. Ao todo, 15 partidos conseguiram eleger representantes para o Legislativo estadual, tendo como maior bancada a do MDB, com 5 deputados. O parlamentar mais votado desta legislatura foi Leo Barbosa, do Solidariedade, com 23.477 votos.<\/p>\n<p>Ap\u00f3s a posse, a sess\u00e3o foi encerrada e a presidente da Assembleia, deputada Luana Ribeiro (PSDB) convocou sess\u00e3o extraordin\u00e1ria para a realiza\u00e7\u00e3o da elei\u00e7\u00e3o da nova Mesa Diretora, para um mandato de 2 anos. Em seguida, a\u00a0 Mesa passou a receber as inscri\u00e7\u00f5es das chapas. O processo ainda est\u00e1 em andamento.<\/p>\n<p><b>Presen\u00e7as<\/b><\/p>\n<p>Al\u00e9m de um grande p\u00fablico, acompanharam a sess\u00e3o especial autoridades como o governador Mauro Carlesse (PHS), vice-governador Wanderlei Barbosa (PHS), presidente da Associa\u00e7\u00e3o Tocantinense dos Munic\u00edpios (ATM), prefeito de Pedro Afonso Jairo Mariano, presidente da C\u00e2mara Municipal de Palmas, Marilon Barbosa, Arcebispo Metropolitano de Palmas, Dom Pedro Guimar\u00e3es, defensor p\u00fablico geral, F\u00e1bio Monteiro, presidente da OAB, Gedeon Pitaluga, presidente do Tribunal de Contas do Estado (TCE), Conselheiro Manoel Pires dos Santos, Procurador Geral de Justi\u00e7a, Jos\u00e9 Omar de Almeida J\u00fanior, presidente do Tribunal de Justi\u00e7a (TJ), Desembargador Eur\u00edpedes Lamonier, entre outras autoridades.<\/p>\n<p><b>Deputados empossados:<\/b><\/p>\n<p>1.\u00a0\u00a0Leo Barbosa (SD) Novato<\/p>\n<p>2.\u00a0\u00a0Vilmar de Oliveira (SD) Reeleito<\/p>\n<p>3.\u00a0\u00a0Cleiton Cardoso (PTC) Reeleito<\/p>\n<p>4.\u00a0\u00a0Am\u00e9lio Cayres (SD) Reeleito<\/p>\n<p>5.\u00a0\u00a0Jair Farias (MDB) Novato<\/p>\n<p>6.\u00a0\u00a0Luana Ribeiro (PSDB) Reeleita<\/p>\n<p>7.\u00a0\u00a0Toinho Andrade (PHS) Reeleito<\/p>\n<p>8.\u00a0\u00a0Eduardo do Dertins (PPS) Reeleito<\/p>\n<p>9.\u00a0\u00a0Olyntho Neto (PSDB) Reeleito<\/p>\n<p>10.\u00a0\u00a0Eduardo Siqueira Campos (DEM) Reeleito<\/p>\n<p>11.\u00a0\u00a0Valderez Castelo Branco (PP) Reeleita<\/p>\n<p>12.\u00a0\u00a0Nilton Franco (MDB) Reeleito<\/p>\n<p>13.\u00a0\u00a0Ricardo Ayres (PSB) Reeleito<\/p>\n<p>14.\u00a0\u00a0Elenil da Penha (MDB) Reeleito<\/p>\n<p>15.\u00a0\u00a0Valdemar J\u00fanior (MDB) Reeleito<\/p>\n<p>16.\u00a0\u00a0Jorge Frederico (MDB) Reeleito<\/p>\n<p>17.\u00a0\u00a0Fabion Gomes (PR) Novato<\/p>\n<p>18.\u00a0\u00a0Am\u00e1lia Santana (PT) Reeleita<\/p>\n<p>19.\u00a0\u00a0Professor J\u00fanior Geo (PROS) novato<\/p>\n<p>20.\u00a0\u00a0Z\u00e9 Roberto (PT) reeleito<\/p>\n<p>21.\u00a0\u00a0Issam (PV) Novato<\/p>\n<p>22.\u00a0\u00a0Vanda Monteiro (PSL) Novata<\/p>\n<p>23.\u00a0\u00a0Ivory de Lira (PPL) Novato<\/p>\n<p>24.\u00a0\u00a0Cl\u00e1udia Lelis (PV) Novata<\/p>\n<p>&nbsp;<\/p>\n<div class=\"addthis_toolbox addthis_default_style addthis_16x16_style\"><\/div>\n","protected":false},"excerpt":{"rendered":"<p>Os 24 deputados estaduais eleitos em 2018 tomaram posse em Sess\u00e3o Especial na Assembleia Legislativa na manh\u00e3 desta sexta-feira, 1\u00ba de fevereiro. S\u00e3o 16 parlamentares reeleitos e 8 novatos que chegam ao Parlamento para atuarem na 9\u00aa legislatura, que vai de 1\u00ba de fevereiro de 2019 a 31 de janeiro de 2023. Dos empossados, 5 [&hellip;]<\/p>\n","protected":false},"author":2,"featured_media":2489,"comment_status":"open","ping_status":"open","sticky":false,"template":"","format":"standard","meta":[],"categories":[8,2,4],"tags":[],"_links":{"self":[{"href":"https:\/\/dgospel.com.br\/portal\/index.php\/wp-json\/wp\/v2\/posts\/2488"}],"collection":[{"href":"https:\/\/dgospel.com.br\/portal\/index.php\/wp-json\/wp\/v2\/posts"}],"about":[{"href":"https:\/\/dgospel.com.br\/portal\/index.php\/wp-json\/wp\/v2\/types\/post"}],"author":[{"embeddable":true,"href":"https:\/\/dgospel.com.br\/portal\/index.php\/wp-json\/wp\/v2\/users\/2"}],"replies":[{"embeddable":true,"href":"https:\/\/dgospel.com.br\/portal\/index.php\/wp-json\/wp\/v2\/comments?post=2488"}],"version-history":[{"count":1,"href":"https:\/\/dgospel.com.br\/portal\/index.php\/wp-json\/wp\/v2\/posts\/2488\/revisions"}],"predecessor-version":[{"id":2490,"href":"https:\/\/dgospel.com.br\/portal\/index.php\/wp-json\/wp\/v2\/posts\/2488\/revisions\/2490"}],"wp:featuredmedia":[{"embeddable":true,"href":"https:\/\/dgospel.com.br\/portal\/index.php\/wp-json\/wp\/v2\/media\/2489"}],"wp:attachment":[{"href":"https:\/\/dgospel.com.br\/portal\/index.php\/wp-json\/wp\/v2\/media?parent=2488"}],"wp:term":[{"taxonomy":"category","embeddable":true,"href":"https:\/\/dgospel.com.br\/portal\/index.php\/wp-json\/wp\/v2\/categories?post=2488"},{"taxonomy":"post_tag","embeddable":true,"href":"https:\/\/dgospel.com.br\/portal\/index.php\/wp-json\/wp\/v2\/tags?post=2488"}],"curies":[{"name":"wp","href":"https:\/\/api.w.org\/{rel}","templated":true}]}}