{"id":250,"date":"2018-05-18T16:50:18","date_gmt":"2018-05-18T19:50:18","guid":{"rendered":"http:\/\/dgospel.com.br\/portal\/?p=250"},"modified":"2018-05-18T16:50:18","modified_gmt":"2018-05-18T19:50:18","slug":"brigadistas-iniciam-planejamento-das-atividades-no-parque-do-cantao","status":"publish","type":"post","link":"https:\/\/dgospel.com.br\/portal\/index.php\/2018\/05\/18\/brigadistas-iniciam-planejamento-das-atividades-no-parque-do-cantao\/","title":{"rendered":"Brigadistas iniciam planejamento das atividades no Parque do Cant\u00e3o"},"content":{"rendered":"<p class=\"yiv7434693643MsoNormal\">Nesta quinta-feira, 17, o Parque Estadual do Cant\u00e3o (PEC) informou que foi realizada uma reuni\u00e3o com brigadistas da equipe de combate a inc\u00eandios na unidade durante o per\u00edodo de estiagem. O Instituto Natureza do Tocantins (Naturatins), \u00f3rg\u00e3o respons\u00e1vel pela gest\u00e3o da unidade de conserva\u00e7\u00e3o conta com uma equipe de 11 profissionais, que v\u00e3o atuar na \u00e1rea do Parque, durante a temporada de seca, em 2018. Al\u00e9m da m\u00e3o de obra, equipamentos, planejamento estrat\u00e9gico e o treinamento atualizado s\u00e3o aspectos que j\u00e1 come\u00e7am ser organizados.<\/p>\n<p class=\"yiv7434693643MsoNormal\">O gerente do PEC, Adailton Gl\u00f3ria, falou do procedimento adotado. \u201cAl\u00e9m do trabalho de sensibiliza\u00e7\u00e3o local e apoio das equipes gestoras do Naturatins, todo ano realizamos um trabalho de campo ininterrupto. Na alta temporada da seca, atuamos em escalas das equipes, que se mant\u00e9m no monitoramento e combate dos focos de calor. O objetivo \u00e9 reduzir os reflexos do per\u00edodo de estiagem na \u00e1rea interna e no entorno do Parque. Acreditamos que antecipar o preparo pode nos dar chance de alcan\u00e7ar resultados menos impactantes e contribuir mais com a redu\u00e7\u00e3o dos \u00edndices do Estado no ranking nacional de queimadas\u201d, esclareceu o gerente.<\/p>\n<p class=\"yiv7434693643MsoNormal\">Em 2017, no per\u00edodo cr\u00edtico da estiagem o fogo alcan\u00e7ou uma \u00e1rea de dif\u00edcil acesso terrestre na \u00e1rea do PEC, ent\u00e3o o Naturatins solicitou apoio a\u00e9reo para auxiliar as equipes de combate.<\/p>\n<p class=\"yiv7434693643MsoNormal\">No Parque o monitoramento com imagens espaciais, fiscaliza\u00e7\u00e3o, apoio de institui\u00e7\u00f5es parceiras e equipamentos de seguran\u00e7a tamb\u00e9m s\u00e3o recursos mantidos atrav\u00e9s da articula\u00e7\u00e3o entre os setores respons\u00e1veis por cada \u00e1rea de gest\u00e3o do Instituto e do Programa \u00c1reas Protegidas da Amaz\u00f4nia\u00a0(Arpa).<\/p>\n<p class=\"yiv7434693643MsoNormal\">Em \u00e1reas externas ao Parque o combate a queimadas e focos de calor \u00e9 de responsabilidade do munic\u00edpio. Mas ao longo do ano, o PEC com apoio da sede do Naturatins tem buscado contribuir por meio de parceria nas a\u00e7\u00f5es e eventos de sensibiliza\u00e7\u00e3o ambiental da popula\u00e7\u00e3o.<\/p>\n","protected":false},"excerpt":{"rendered":"<p>Nesta quinta-feira, 17, o Parque Estadual do Cant\u00e3o (PEC) informou que foi realizada uma reuni\u00e3o com brigadistas da equipe de combate a inc\u00eandios na unidade durante o per\u00edodo de estiagem. O Instituto Natureza do Tocantins (Naturatins), \u00f3rg\u00e3o respons\u00e1vel pela gest\u00e3o da unidade de conserva\u00e7\u00e3o conta com uma equipe de 11 profissionais, que v\u00e3o atuar na [&hellip;]<\/p>\n","protected":false},"author":2,"featured_media":251,"comment_status":"open","ping_status":"open","sticky":false,"template":"","format":"standard","meta":[],"categories":[2,3],"tags":[],"_links":{"self":[{"href":"https:\/\/dgospel.com.br\/portal\/index.php\/wp-json\/wp\/v2\/posts\/250"}],"collection":[{"href":"https:\/\/dgospel.com.br\/portal\/index.php\/wp-json\/wp\/v2\/posts"}],"about":[{"href":"https:\/\/dgospel.com.br\/portal\/index.php\/wp-json\/wp\/v2\/types\/post"}],"author":[{"embeddable":true,"href":"https:\/\/dgospel.com.br\/portal\/index.php\/wp-json\/wp\/v2\/users\/2"}],"replies":[{"embeddable":true,"href":"https:\/\/dgospel.com.br\/portal\/index.php\/wp-json\/wp\/v2\/comments?post=250"}],"version-history":[{"count":1,"href":"https:\/\/dgospel.com.br\/portal\/index.php\/wp-json\/wp\/v2\/posts\/250\/revisions"}],"predecessor-version":[{"id":252,"href":"https:\/\/dgospel.com.br\/portal\/index.php\/wp-json\/wp\/v2\/posts\/250\/revisions\/252"}],"wp:featuredmedia":[{"embeddable":true,"href":"https:\/\/dgospel.com.br\/portal\/index.php\/wp-json\/wp\/v2\/media\/251"}],"wp:attachment":[{"href":"https:\/\/dgospel.com.br\/portal\/index.php\/wp-json\/wp\/v2\/media?parent=250"}],"wp:term":[{"taxonomy":"category","embeddable":true,"href":"https:\/\/dgospel.com.br\/portal\/index.php\/wp-json\/wp\/v2\/categories?post=250"},{"taxonomy":"post_tag","embeddable":true,"href":"https:\/\/dgospel.com.br\/portal\/index.php\/wp-json\/wp\/v2\/tags?post=250"}],"curies":[{"name":"wp","href":"https:\/\/api.w.org\/{rel}","templated":true}]}}