{"id":2503,"date":"2019-02-04T11:27:46","date_gmt":"2019-02-04T13:27:46","guid":{"rendered":"http:\/\/dgospel.com.br\/portal\/?p=2503"},"modified":"2019-02-04T11:27:46","modified_gmt":"2019-02-04T13:27:46","slug":"novo-presidente-do-senado-e-judeu-e-esta-alinhado-ao-governo-bolsonaro","status":"publish","type":"post","link":"https:\/\/dgospel.com.br\/portal\/index.php\/2019\/02\/04\/novo-presidente-do-senado-e-judeu-e-esta-alinhado-ao-governo-bolsonaro\/","title":{"rendered":"Novo presidente do Senado \u00e9 judeu e est\u00e1 alinhado ao governo Bolsonaro"},"content":{"rendered":"<p>Ap\u00f3s um clima conturbado, devido \u00e0 tentativa de fraudar o resultado das elei\u00e7\u00f5es para a presid\u00eancia do Senado e dar vit\u00f3ria a Renan Calheiros, a sess\u00e3o o pr\u00f3prio candidato desistiu de continuar concorrendo \u00e0 reelei\u00e7\u00e3o (j\u00e1 imaginando que tinha a minoria dos votos) e Davi Alcolumbre (DEM) saiu vitorioso.<\/p>\n<p><strong><a href=\"https:\/\/guiame.com.br\/gospel\/israel\/judeus-em-todos-os-lugares-estao-compartilhando-sua-fe-em-jesus-diz-autor.html\">Judeu<\/a><\/strong>\u00a0ortodoxo e opositor da legaliza\u00e7\u00e3o do aborto, Alcolumbre tem 41 anos e foi eleito pela primeira vez presidente do Senado para cumprir um mandato de dois anos.<\/p>\n<p>Davi tamb\u00e9m \u00e9 aliado do ministro da Casa Civil, Onyx Lorenzoni, o que aumenta as chances de seus posicionamentos favor\u00e1veis \u00e0s pautas do\u00a0<strong><a href=\"https:\/\/guiame.com.br\/gospel\/noticias\/bolsonaro-diz-que-ira-seguir-os-ensinamentos-de-deus-em-seu-governo.html\">governo Bolsonaro<\/a><\/strong>.<\/p>\n<p>Casado e pai de dois filhos, Alcolumbre \u00e9 natural de Macap\u00e1 (AP), nascido em 19 de junho de 1977. Ele \u00e9 o quarto filho do mec\u00e2nico Jos\u00e9 Tobelem e da empres\u00e1ria Julia Alcolumbre.<\/p>\n<p>Ainda jovem, Alcolumbre come\u00e7ou a trabalhar no com\u00e9rcio da fam\u00edlia. Chegou cursar Ci\u00eancias Econ\u00f4micas no Centro de Ensino Superior do Amap\u00e1 (Ceap), mas n\u00e3o concluiu o curso e optou por seguir o caminho da pol\u00edtica.<\/p>\n<p><strong>Hist\u00f3rico pol\u00edtico<\/strong><\/p>\n<p>A trajet\u00f3ria pol\u00edtica de Davi teve in\u00edcio como vereador na cidade de Macap\u00e1. Ele exerceu seu mandato da Assembleia Legislativa por dois anos (de 2001 a 2002), quando se elegeu deputado federal.<\/p>\n<p>Na C\u00e2mara Federal, foi reeleito duas vezes, somando no total, tr\u00eas mandatos consecutivos.<\/p>\n<p>Nas elei\u00e7\u00f5es de 2014, foi eleito senador para um mandato de oito anos. Em 2018, chegou a tentar elei\u00e7\u00e3o para o governo de Amap\u00e1, mas ficou em terceiro lugar e retomou o mandato de senador.<\/p>\n<p>Na elei\u00e7\u00e3o para a presid\u00eancia do Senado, conseguiu 42 votos. A sess\u00e3o tamb\u00e9m foi marcada por discuss\u00f5es acaloradas e a abertura espont\u00e2nea do voto de diversos senadores, como Fl\u00e1vio Bolsonaro e Tasso Jereissati.<\/p>\n<p><strong>Atua\u00e7\u00e3o na Casa<br \/>\n<\/strong><br \/>\nComo senador, desde 2015 Alcolumbre participou de vota\u00e7\u00f5es importantes na Casa. O parlamentar do Amap\u00e1 votou, por exemplo, a favor da reforma trabalhista em 2017.<\/p>\n<p>Em 2016, Davi votou a favor do impeachment da ex-presidente Dilma Rousseff, que teve seu mandato cassado, dando lugar a Michel Temer no Pal\u00e1cio do Planalto.<\/p>\n<p>J\u00e1 \u00e0s v\u00e9speras da elei\u00e7\u00e3o para a presid\u00eancia do Senado, Alcolumbre se declarou a favor do voto aberto.<\/p>\n<p><strong>Repercuss\u00e3o<\/strong><\/p>\n<p>Tamb\u00e9m por significar uma oposi\u00e7\u00e3o \u00e0 volta de Renan Calheiros \u00e0 presid\u00eancia do Senado \u2014 j\u00e1 que a cadeira estava vaga com a n\u00e3o reelei\u00e7\u00e3o do presidente anterior, Eun\u00edcio Oliveira \u2014 a repercuss\u00e3o da elei\u00e7\u00e3o de tem sido ampla.<\/p>\n<p>Seu primeiro nome e sua ascend\u00eancia judaica s\u00f3 contribu\u00edram para a compara\u00e7\u00e3o de sua vit\u00f3ria sobre Renan Calheiros com a vit\u00f3ria de Davi sobre Golias. A met\u00e1fora foi refor\u00e7ada pelo Ministro da Casa Civil, Onyx Lorenzoni.<\/p>\n<p>&#8220;Davi respondeu: \u2014 Voc\u00ea vem contra mim com espada, lan\u00e7a e dardo. Mas eu vou contra voc\u00ea em nome do Senhor Todo-Poderoso, que voc\u00ea desafiou.\u201d 1Samuel 17:45. BRASIL acima de tudo , DEUS acima de todos ! Viva o BRASIL&#8221;, publicou o ministro da Casa Civil em seu perfil oficial do Twitter.<\/p>\n<p>A met\u00e1fora foi citada at\u00e9 pelo pr\u00f3prio Renan, enquanto anunciava a retirada de sua candidatura.<\/p>\n<p>&#8220;Falam da candidatura de Davi contra Golias. E eu digo aqui que o Golias \u00e9 o Davi. E eu retiro minha candidatura&#8221;, declarou.<\/p>\n<p>FONTE: GUIAME, COM INFORMA\u00c7\u00d5ES DO G1<\/p>\n","protected":false},"excerpt":{"rendered":"<p>Ap\u00f3s um clima conturbado, devido \u00e0 tentativa de fraudar o resultado das elei\u00e7\u00f5es para a presid\u00eancia do Senado e dar vit\u00f3ria a Renan Calheiros, a sess\u00e3o o pr\u00f3prio candidato desistiu de continuar concorrendo \u00e0 reelei\u00e7\u00e3o (j\u00e1 imaginando que tinha a minoria dos votos) e Davi Alcolumbre (DEM) saiu vitorioso. Judeu\u00a0ortodoxo e opositor da legaliza\u00e7\u00e3o do [&hellip;]<\/p>\n","protected":false},"author":2,"featured_media":2504,"comment_status":"open","ping_status":"open","sticky":false,"template":"","format":"standard","meta":[],"categories":[2,4],"tags":[],"_links":{"self":[{"href":"https:\/\/dgospel.com.br\/portal\/index.php\/wp-json\/wp\/v2\/posts\/2503"}],"collection":[{"href":"https:\/\/dgospel.com.br\/portal\/index.php\/wp-json\/wp\/v2\/posts"}],"about":[{"href":"https:\/\/dgospel.com.br\/portal\/index.php\/wp-json\/wp\/v2\/types\/post"}],"author":[{"embeddable":true,"href":"https:\/\/dgospel.com.br\/portal\/index.php\/wp-json\/wp\/v2\/users\/2"}],"replies":[{"embeddable":true,"href":"https:\/\/dgospel.com.br\/portal\/index.php\/wp-json\/wp\/v2\/comments?post=2503"}],"version-history":[{"count":1,"href":"https:\/\/dgospel.com.br\/portal\/index.php\/wp-json\/wp\/v2\/posts\/2503\/revisions"}],"predecessor-version":[{"id":2505,"href":"https:\/\/dgospel.com.br\/portal\/index.php\/wp-json\/wp\/v2\/posts\/2503\/revisions\/2505"}],"wp:featuredmedia":[{"embeddable":true,"href":"https:\/\/dgospel.com.br\/portal\/index.php\/wp-json\/wp\/v2\/media\/2504"}],"wp:attachment":[{"href":"https:\/\/dgospel.com.br\/portal\/index.php\/wp-json\/wp\/v2\/media?parent=2503"}],"wp:term":[{"taxonomy":"category","embeddable":true,"href":"https:\/\/dgospel.com.br\/portal\/index.php\/wp-json\/wp\/v2\/categories?post=2503"},{"taxonomy":"post_tag","embeddable":true,"href":"https:\/\/dgospel.com.br\/portal\/index.php\/wp-json\/wp\/v2\/tags?post=2503"}],"curies":[{"name":"wp","href":"https:\/\/api.w.org\/{rel}","templated":true}]}}