{"id":2506,"date":"2019-02-04T19:53:11","date_gmt":"2019-02-04T21:53:11","guid":{"rendered":"http:\/\/dgospel.com.br\/portal\/?p=2506"},"modified":"2019-02-04T19:53:11","modified_gmt":"2019-02-04T21:53:11","slug":"filipe-martins-parabeniza-participacao-da-juventude-do-tocantins-na-1a-escola-nacional-de-lideres-assembleianos","status":"publish","type":"post","link":"https:\/\/dgospel.com.br\/portal\/index.php\/2019\/02\/04\/filipe-martins-parabeniza-participacao-da-juventude-do-tocantins-na-1a-escola-nacional-de-lideres-assembleianos\/","title":{"rendered":"Filipe Martins parabeniza participa\u00e7\u00e3o da juventude do Tocantins na 1\u00aa Escola Nacional de L\u00edderes Assembleianos"},"content":{"rendered":"<p>O vereador de Palmas, Filipe Martins (PSC) parabenizou a\u00a0caravana de Jovens do Tocantins que participou neste s\u00e1bado, 2, da Primeira\u00a0Escola Nacional de L\u00edderes de Jovens das Assembleias de Deus Minist\u00e9rio de Madureira que\u00a0aconteceu em Bras\u00edlia, na Catedral Baleia.<\/p>\n<p>Na ocasi\u00e3o, os jovens tiveram um dia de muito aprendizado com abordagem de assuntos pertinentes \u00e0 lideran\u00e7a, como: O L\u00edder de Jovens Assembleiano, Depress\u00e3o na Juventude, Redes Sociais, Desafio da Honra, e Hierarquia.<\/p>\n<p>\u201cSabemos que os j<em>ovens<\/em>\u00a0podem fazer a diferen\u00e7a em meio a uma gera\u00e7\u00e3o corrompida e perversa, e pra isso precisam se preparar e buscar o conhecimento. Parab\u00e9ns juventude do Tocantins pelo interesse e motiva\u00e7\u00e3o em participar dessa importante escola espiritual. Contem sempre com minhas ora\u00e7\u00f5es e apoio\u201d, disse o vereador Filipe Martins.<\/p>\n<p>Do Tocantins foram\u00a058 jovens inscritos, dos Campos de Palmas, Gurupi, Aragua\u00edna, Formoso do Araguaia, Porto Nacional, Alvorada, Aragua\u00e7u, Dian\u00f3polis, Palmeir\u00f3polis.<\/p>\n<p>O coordenador de Jovens do Campo Na\u00e7\u00e3o Madureira de Palmas, Evangelista Paulo Oliveira afirmou que os l\u00edderes sa\u00edram com muitos conhecimentos, que ir\u00e3o ajudar no trabalho com jovens.<\/p>\n<p>\u201cPrimeiramente quero agradecer a Deus, nosso Pastor Presidente Amarildo Martins da Silva e o Vereador Filipe Martins pelo incentivo e apoio dado aos nossos l\u00edderes do Campo Na\u00e7\u00e3o Madureira Palmas Foram temas muitos importantes pra nossa atualidade e que ir\u00e1 ajudar muito no minist\u00e9rio de cada l\u00edder que ali participou. Precisamos nos capacitar cada dia mais e aproveitar dessa oportunidade que bate em nossas portas\u201d, declarou o l\u00edder de jovens.<\/p>\n","protected":false},"excerpt":{"rendered":"<p>O vereador de Palmas, Filipe Martins (PSC) parabenizou a\u00a0caravana de Jovens do Tocantins que participou neste s\u00e1bado, 2, da Primeira\u00a0Escola Nacional de L\u00edderes de Jovens das Assembleias de Deus Minist\u00e9rio de Madureira que\u00a0aconteceu em Bras\u00edlia, na Catedral Baleia. Na ocasi\u00e3o, os jovens tiveram um dia de muito aprendizado com abordagem de assuntos pertinentes \u00e0 lideran\u00e7a, [&hellip;]<\/p>\n","protected":false},"author":2,"featured_media":2507,"comment_status":"open","ping_status":"open","sticky":false,"template":"","format":"standard","meta":[],"categories":[2,5],"tags":[],"_links":{"self":[{"href":"https:\/\/dgospel.com.br\/portal\/index.php\/wp-json\/wp\/v2\/posts\/2506"}],"collection":[{"href":"https:\/\/dgospel.com.br\/portal\/index.php\/wp-json\/wp\/v2\/posts"}],"about":[{"href":"https:\/\/dgospel.com.br\/portal\/index.php\/wp-json\/wp\/v2\/types\/post"}],"author":[{"embeddable":true,"href":"https:\/\/dgospel.com.br\/portal\/index.php\/wp-json\/wp\/v2\/users\/2"}],"replies":[{"embeddable":true,"href":"https:\/\/dgospel.com.br\/portal\/index.php\/wp-json\/wp\/v2\/comments?post=2506"}],"version-history":[{"count":1,"href":"https:\/\/dgospel.com.br\/portal\/index.php\/wp-json\/wp\/v2\/posts\/2506\/revisions"}],"predecessor-version":[{"id":2508,"href":"https:\/\/dgospel.com.br\/portal\/index.php\/wp-json\/wp\/v2\/posts\/2506\/revisions\/2508"}],"wp:featuredmedia":[{"embeddable":true,"href":"https:\/\/dgospel.com.br\/portal\/index.php\/wp-json\/wp\/v2\/media\/2507"}],"wp:attachment":[{"href":"https:\/\/dgospel.com.br\/portal\/index.php\/wp-json\/wp\/v2\/media?parent=2506"}],"wp:term":[{"taxonomy":"category","embeddable":true,"href":"https:\/\/dgospel.com.br\/portal\/index.php\/wp-json\/wp\/v2\/categories?post=2506"},{"taxonomy":"post_tag","embeddable":true,"href":"https:\/\/dgospel.com.br\/portal\/index.php\/wp-json\/wp\/v2\/tags?post=2506"}],"curies":[{"name":"wp","href":"https:\/\/api.w.org\/{rel}","templated":true}]}}