{"id":2509,"date":"2019-02-05T12:37:04","date_gmt":"2019-02-05T14:37:04","guid":{"rendered":"http:\/\/dgospel.com.br\/portal\/?p=2509"},"modified":"2019-02-05T12:37:04","modified_gmt":"2019-02-05T14:37:04","slug":"carlesse-conhece-projeto-de-lei-anticrime-e-pede-mais-investimento-em-seguranca-para-os-estados","status":"publish","type":"post","link":"https:\/\/dgospel.com.br\/portal\/index.php\/2019\/02\/05\/carlesse-conhece-projeto-de-lei-anticrime-e-pede-mais-investimento-em-seguranca-para-os-estados\/","title":{"rendered":"Carlesse conhece Projeto de Lei Anticrime e pede mais investimento em seguran\u00e7a para os estados"},"content":{"rendered":"<div class=\"container margin-top\">\n<div class=\"row\">\n<div class=\"col-sm-10\">\n<div id=\"conteudo\" class=\"row\">\n<div class=\"col-lg-9\">\n<article>\n<div>\n<p>O governador do Estado do Tocantins, Mauro Carlesse, participou, na manh\u00e3 desta segunda-feira, 4, em Bras\u00edlia (DF), da apresenta\u00e7\u00e3o da proposta de lei federal conhecida como Projeto de Lei Anticrime. A exposi\u00e7\u00e3o dos motivos foi realizada pelo ministro da Justi\u00e7a e Seguran\u00e7a P\u00fablica, S\u00e9rgio Moro, que ainda esclareceu as d\u00favidas e buscou sugest\u00f5es dos gestores estaduais, dos vice-governadores e do secretariado presentes no encontro para o projeto.<\/p>\n<p>A comitiva oficial do Tocantins, presidida pelo governador\u00a0Mauro Carlesse,\u00a0contou com a participa\u00e7\u00e3o dos secret\u00e1rios de Estado da\u00a0Seguran\u00e7a P\u00fablica, Cristiano Sampaio;\u00a0da Cidadania e Justi\u00e7a, H\u00e9ber Fidelis; e do chefe\u00a0da Casa Civil,\u00a0Rolf Vidal. Eles\u00a0que puderam conhecer, em detalhes, as medidas para o recrudescimento do tratamento aos crimes organizado, de corrup\u00e7\u00e3o e de natureza violenta.<\/p>\n<p>O governador falou sobre a import\u00e2ncia das medidas propostas pelo governo federal: \u201cA iniciativa do governo federal \u00e9 importante, porque tamb\u00e9m vem atender aquilo que a popula\u00e7\u00e3o deseja, que \u00e9 endurecer as penas para quem comete crimes graves\u201d, frisou Carlesse.<\/p>\n<p>No mesmo sentido, manifestou-se o secret\u00e1rio Cristiano Sampaio. Para ele, o di\u00e1logo com os representantes de cada unidade federativa \u00e9 crucial, na inten\u00e7\u00e3o de\u00a0que as reformas na legisla\u00e7\u00e3o penal e processual penal tenham a aplica\u00e7\u00e3o desejada. \u201cSendo a Seguran\u00e7a P\u00fablica exercida de modo compartilhado entre a Uni\u00e3o e os estados, trazer todos os envolvidos para o centro da discuss\u00e3o propicia o melhoramento da proposta e resultados pr\u00e1ticos mais efetivos\u201d, concluiu.<\/p>\n<p>Em outra oportunidade, o governador do Tocantins ressaltou, contudo, que a proposta do governo federal exige mudan\u00e7as tamb\u00e9m na distribui\u00e7\u00e3o de recursos para a Seguran\u00e7a P\u00fablica, que viabilizem, aos estados, uma melhor adequa\u00e7\u00e3o ao sistema prisional ap\u00f3s eventual implementa\u00e7\u00e3o da lei federal.\u00a0\u201cAgora, al\u00e9m disso, o que a Uni\u00e3o precisa \u00e9 ajudar os estados no financiamento, tanto na constru\u00e7\u00e3o quanto na manuten\u00e7\u00e3o dos pres\u00eddios. O custo da Seguran\u00e7a P\u00fablica e dos pres\u00eddios tem crescido, mas os valores que o governo federal repassa n\u00e3o t\u00eam aumentado. E essa ajuda atualmente\u00a0\u00e9 menor do que a que os estados precisam. Esperamos que isso mude, pois \u00e9 uma situa\u00e7\u00e3o que interessa diretamente \u00e0\u00a0popula\u00e7\u00e3o, que precisa estar mais protegida, e tamb\u00e9m para que o Estado possa atender o sistema prisional com a quantidade de vagas necess\u00e1rias, para quem precisar cumprir uma pena, que a cumpra de maneira mais digna e com seus direitos respeitados\u201d, afirmou o governador.<\/p>\n<p>A reuni\u00e3o foi finalizada com apresenta\u00e7\u00e3o da embaixada da Dinamarca, que figura como o pa\u00eds menos corrupto do mundo, de acordo com ranking da Organiza\u00e7\u00e3o N\u00e3o Governamental (ONG) Transpar\u00eancia Internacional, considerado o principal indicador da corrup\u00e7\u00e3o, em n\u00edvel global. Al\u00e9m de li\u00e7\u00f5es ao Brasil sobre a experi\u00eancia daquela na\u00e7\u00e3o no combate \u00e0 corrup\u00e7\u00e3o, tamb\u00e9m foi pautado o programa de apoio aos estados, oferecido pela ONG.<\/p>\n<p>Al\u00e9m do Tocantins, estiveram presentes, no evento, governadores, secret\u00e1rios de Seguran\u00e7a P\u00fablica e representantes de 23 estados e do Distrito Federal. O texto do projeto de lei federal ser\u00e1 encaminhado ao Congresso Nacional nos pr\u00f3ximos dias.<\/p>\n<\/div>\n<\/article>\n<\/div>\n<div class=\"col-lg-3\">\n<h2 class=\"margin-top-0\">Veja tamb\u00e9m outras not\u00edcias<\/h2>\n<h4>Mais de 98% dos segurados do Igeprev foram recadastrados<\/h4>\n<h4>Curso de Forma\u00e7\u00e3o do Sistema Socioeducativo entra em fase de conclus\u00e3o<\/h4>\n<h4>Unitins divulga resultado final de sele\u00e7\u00e3o de professores tempor\u00e1rios<\/h4>\n<h4>Vice-governador prestigia posse do novo Defensor P\u00fablico-Geral e reafirma compromisso do Governo com os poderes<\/h4>\n<h4>Aula inaugural em Brejinho de Nazar\u00e9 marca in\u00edcio do ano letivo na Rede Estadual de Educa\u00e7\u00e3o<\/h4>\n<h4>Centro de Reabilita\u00e7\u00e3o promove roda de conversa com ostomizados<\/h4>\n<h4>Portaria divulga novas datas para segunda fase do recadastramento dos servidores<\/h4>\n<h4>Produ\u00e7\u00e3o da Til\u00e1pia pode expandir neg\u00f3cios do Tocantins com outros pa\u00edses<\/h4>\n<h4>Sa\u00fade abre chamada p\u00fablica para contrata\u00e7\u00e3o de m\u00e9dicos<\/h4>\n<h4>Ano letivo 2019 na rede estadual inicia com aula inaugural em Brejinho de Nazar\u00e9<\/h4>\n<\/div>\n<\/div>\n<\/div>\n<\/div>\n<\/div>\n","protected":false},"excerpt":{"rendered":"<p>O governador do Estado do Tocantins, Mauro Carlesse, participou, na manh\u00e3 desta segunda-feira, 4, em Bras\u00edlia (DF), da apresenta\u00e7\u00e3o da proposta de lei federal conhecida como Projeto de Lei Anticrime. A exposi\u00e7\u00e3o dos motivos foi realizada pelo ministro da Justi\u00e7a e Seguran\u00e7a P\u00fablica, S\u00e9rgio Moro, que ainda esclareceu as d\u00favidas e buscou sugest\u00f5es dos gestores [&hellip;]<\/p>\n","protected":false},"author":2,"featured_media":2510,"comment_status":"open","ping_status":"open","sticky":false,"template":"","format":"standard","meta":[],"categories":[2,4],"tags":[],"_links":{"self":[{"href":"https:\/\/dgospel.com.br\/portal\/index.php\/wp-json\/wp\/v2\/posts\/2509"}],"collection":[{"href":"https:\/\/dgospel.com.br\/portal\/index.php\/wp-json\/wp\/v2\/posts"}],"about":[{"href":"https:\/\/dgospel.com.br\/portal\/index.php\/wp-json\/wp\/v2\/types\/post"}],"author":[{"embeddable":true,"href":"https:\/\/dgospel.com.br\/portal\/index.php\/wp-json\/wp\/v2\/users\/2"}],"replies":[{"embeddable":true,"href":"https:\/\/dgospel.com.br\/portal\/index.php\/wp-json\/wp\/v2\/comments?post=2509"}],"version-history":[{"count":1,"href":"https:\/\/dgospel.com.br\/portal\/index.php\/wp-json\/wp\/v2\/posts\/2509\/revisions"}],"predecessor-version":[{"id":2511,"href":"https:\/\/dgospel.com.br\/portal\/index.php\/wp-json\/wp\/v2\/posts\/2509\/revisions\/2511"}],"wp:featuredmedia":[{"embeddable":true,"href":"https:\/\/dgospel.com.br\/portal\/index.php\/wp-json\/wp\/v2\/media\/2510"}],"wp:attachment":[{"href":"https:\/\/dgospel.com.br\/portal\/index.php\/wp-json\/wp\/v2\/media?parent=2509"}],"wp:term":[{"taxonomy":"category","embeddable":true,"href":"https:\/\/dgospel.com.br\/portal\/index.php\/wp-json\/wp\/v2\/categories?post=2509"},{"taxonomy":"post_tag","embeddable":true,"href":"https:\/\/dgospel.com.br\/portal\/index.php\/wp-json\/wp\/v2\/tags?post=2509"}],"curies":[{"name":"wp","href":"https:\/\/api.w.org\/{rel}","templated":true}]}}